{"id":10650,"date":"2016-08-03T19:50:20","date_gmt":"2016-08-03T19:50:20","guid":{"rendered":"https:\/\/cortesuprema.gov.co\/corte\/?p=10650"},"modified":"2016-08-03T19:50:20","modified_gmt":"2016-08-03T19:50:20","slug":"condenan-a-ocho-anos-de-prision-a-dos-militares-por-tratos-inhumanos-a-sus-subalternos","status":"publish","type":"post","link":"https:\/\/cortesuprema.gov.co\/corte\/index.php\/2016\/08\/03\/condenan-a-ocho-anos-de-prision-a-dos-militares-por-tratos-inhumanos-a-sus-subalternos\/","title":{"rendered":"Condenan a ocho a\u00f1os de prisi\u00f3n a dos militares por tratos inhumanos a sus subalternos"},"content":{"rendered":"<p>PERI\u00d3DICO EL ESPECTADOR, JUDICIAL 3 AGO 2016 &#8211; 9:55 AM.\u00a0<em>Los soldados regulares fueron golpeados con ramas en sus piernas y gl\u00fateos. Adem\u00e1s eran obligados a comer frijoles crudos y tomar agua salada como castigo por consumir unos v\u00edveres sin autorizaci\u00f3n.<\/em><\/p>\n<p>La Sala Penal de la Corte Suprema de Justicia conden\u00f3 a ocho a\u00f1os de prisi\u00f3n a dos suboficiales del Ej\u00e9rcito Nacional por su participaci\u00f3n y conocimiento en hechos inhumanos y degradantes ejecutados en contra de soldados regulares adscritos a una unidad castrense en Ibagu\u00e9 (Tolima).<\/p>\n<p>En el expediente hay registros de las acciones cometidas en contra de los uniformados como castigo por haber consumido v\u00edveres y una porci\u00f3n de carne sin permiso. En los hechos registrados el 18 de octubre de 2004 los soldados fueron azotados en las piernas y gl\u00fateos.<\/p>\n<p>Adem\u00e1s fueron sumergidos en un balde de agua. Para la Sala los suboficiales incurrieron en una conducta punible, puesto que actuaron desconociendo los correctivos autorizados en el r\u00e9gimen disciplinario de las Fuerzas Militares, infligieron a los soldados regulares dolores y sufrimientos f\u00edsicos por lo que recibieron una incapacidad de 15 d\u00edas.<\/p>\n<p>Sus rostros adem\u00e1s fueron untados con bo\u00f1iga, \u201cpara luego hacerlos beber agua salada, comer frijoles crudos, tomar caf\u00e9 amargo y sumergirse en un tanque de agua, no son tratos inhumanos o degradantes simplemente, ni acciones correctivas propias de la disciplina militar (\u2026), sino actos de tortura\u201d, precisa uno de los apartes de la decisi\u00f3n.<\/p>\n<p>Para la Corte Suprema el delito de tortura por el que fueron sentenciados en ning\u00fan caso puede considerarse relacionado con el servicio. En el debate jur\u00eddico se neg\u00f3 la pretensi\u00f3n de la defensa de los dos procesados para que fuera declarada la prescripci\u00f3n del caso.<\/p>\n<p>http:\/\/www.elespectador.com\/noticias\/judicial\/condenan-ocho-anos-de-prision-dos-militares-tratos-inhu-articulo-647018<\/p>\n<p>OTROS MEDIOS<\/p>\n<p>Corte conden\u00f3 a dos suboficiales por torturar a subalternos. <strong>Peri\u00f3dico el Tiempo<\/strong>, 3 de agosto de 2016.\u00a0http:\/\/www.eltiempo.com\/politica\/justicia\/condenan-a-dos-suboficiales-del-ejercito-por-torturar-a-subalternos-\/16663202<\/p>\n<p>Corte Suprema de Justicia conden\u00f3 a ocho a\u00f1os de prisi\u00f3n a dos militares por tortura, <strong>NOTICIAS RCN<\/strong>, 3 de agosto de 2016.\u00a0http:\/\/www.noticiasrcn.com\/nacional-justicia\/corte-suprema-justicia-condeno-ocho-anos-prision-dos-militares-tortura<\/p>\n<p>Corte Suprema condena a suboficiales por torturar a subalternos, <strong>W Radio<\/strong>, 3 de agosto de 2016.\u00a0http:\/\/www.wradio.com.co\/noticias\/actualidad\/corte-suprema-condena-a-suboficiales-por-torturar-a-subalternos\/20160803\/nota\/3206319.aspx<\/p>\n<p>&nbsp;<\/p>\n","protected":false},"excerpt":{"rendered":"<p>PERI\u00d3DICO EL ESPECTADOR, JUDICIAL 3 AGO 2016 &#8211; 9:55 AM.\u00a0Los soldados regulares fueron golpeados con ramas en sus piernas y gl\u00fateos. Adem\u00e1s eran obligados a comer frijoles crudos y tomar agua salada como castigo por consumir unos v\u00edveres sin autorizaci\u00f3n. La Sala Penal de la Corte Suprema de Justicia conden\u00f3 a ocho a\u00f1os de prisi\u00f3n &hellip; <a href=\"https:\/\/cortesuprema.gov.co\/corte\/index.php\/2016\/08\/03\/condenan-a-ocho-anos-de-prision-a-dos-militares-por-tratos-inhumanos-a-sus-subalternos\/\" class=\"more-link\">Continuar leyendo<span class=\"screen-reader-text\"> \u00abCondenan a ocho a\u00f1os de prisi\u00f3n a dos militares por tratos inhumanos a sus subalternos\u00bb<\/span><\/a><\/p>\n","protected":false},"author":5,"featured_media":0,"comment_status":"open","ping_status":"open","sticky":false,"template":"","format":"standard","meta":{"footnotes":""},"categories":[65],"tags":[],"class_list":["post-10650","post","type-post","status-publish","format-standard","hentry","category-monitoreo-de-medios"],"_links":{"self":[{"href":"https:\/\/cortesuprema.gov.co\/corte\/index.php\/wp-json\/wp\/v2\/posts\/10650","targetHints":{"allow":["GET"]}}],"collection":[{"href":"https:\/\/cortesuprema.gov.co\/corte\/index.php\/wp-json\/wp\/v2\/posts"}],"about":[{"href":"https:\/\/cortesuprema.gov.co\/corte\/index.php\/wp-json\/wp\/v2\/types\/post"}],"author":[{"embeddable":true,"href":"https:\/\/cortesuprema.gov.co\/corte\/index.php\/wp-json\/wp\/v2\/users\/5"}],"replies":[{"embeddable":true,"href":"https:\/\/cortesuprema.gov.co\/corte\/index.php\/wp-json\/wp\/v2\/comments?post=10650"}],"version-history":[{"count":1,"href":"https:\/\/cortesuprema.gov.co\/corte\/index.php\/wp-json\/wp\/v2\/posts\/10650\/revisions"}],"predecessor-version":[{"id":10651,"href":"https:\/\/cortesuprema.gov.co\/corte\/index.php\/wp-json\/wp\/v2\/posts\/10650\/revisions\/10651"}],"wp:attachment":[{"href":"https:\/\/cortesuprema.gov.co\/corte\/index.php\/wp-json\/wp\/v2\/media?parent=10650"}],"wp:term":[{"taxonomy":"category","embeddable":true,"href":"https:\/\/cortesuprema.gov.co\/corte\/index.php\/wp-json\/wp\/v2\/categories?post=10650"},{"taxonomy":"post_tag","embeddable":true,"href":"https:\/\/cortesuprema.gov.co\/corte\/index.php\/wp-json\/wp\/v2\/tags?post=10650"}],"curies":[{"name":"wp","href":"https:\/\/api.w.org\/{rel}","templated":true}]}}