{"id":13786,"date":"2017-06-09T17:28:05","date_gmt":"2017-06-09T22:28:05","guid":{"rendered":"https:\/\/cortesuprema.gov.co\/corte\/?p=13786"},"modified":"2019-06-05T08:54:28","modified_gmt":"2019-06-05T13:54:28","slug":"lista-de-aspirantes-inscritos-a-conformar-terna-para-auditor-general-de-la-republica","status":"publish","type":"post","link":"https:\/\/cortesuprema.gov.co\/corte\/index.php\/2017\/06\/09\/lista-de-aspirantes-inscritos-a-conformar-terna-para-auditor-general-de-la-republica\/","title":{"rendered":"Lista de aspirantes inscritos a conformar terna para Auditor General de la Rep\u00fablica"},"content":{"rendered":"<p style=\"text-align: justify;\">Bogot\u00e1 D.C., 9 de junio de 2017. La Corte Suprema de Justicia publica a continuaci\u00f3n la lista de aspirantes inscritos para conformar la terna de Auditor General de la Rep\u00fablica, de acuerdo a los t\u00e9rminos de la Convocatoria P\u00fablica abierta el pasado 4 de junio:<\/p>\n<p style=\"text-align: justify;\">\n[spiderpowa-pdf src=\u00bbhttps:\/\/cortesuprema.gov.co\/corte\/wp-content\/uploads\/2017\/06\/InscritosConvocatoria.pdf\u00bb]<a href=\"https:\/\/cortesuprema.gov.co\/corte\/wp-content\/uploads\/2017\/06\/InscritosConvocatoria.pdf\">InscritosConvocatoria<\/a><\/p>\n<p>&nbsp;<\/p>\n","protected":false},"excerpt":{"rendered":"<p>Bogot\u00e1 D.C., 9 de junio de 2017. La Corte Suprema de Justicia publica a continuaci\u00f3n la lista de aspirantes inscritos para conformar la terna de Auditor General de la Rep\u00fablica, de acuerdo a los t\u00e9rminos de la Convocatoria P\u00fablica abierta el pasado 4 de junio: [spiderpowa-pdf src=\u00bbhttps:\/\/cortesuprema.gov.co\/corte\/wp-content\/uploads\/2017\/06\/InscritosConvocatoria.pdf\u00bb]InscritosConvocatoria &nbsp;<\/p>\n","protected":false},"author":3,"featured_media":9332,"comment_status":"closed","ping_status":"open","sticky":false,"template":"","format":"standard","meta":{"footnotes":""},"categories":[27],"tags":[],"class_list":["post-13786","post","type-post","status-publish","format-standard","has-post-thumbnail","hentry","category-news"],"_links":{"self":[{"href":"https:\/\/cortesuprema.gov.co\/corte\/index.php\/wp-json\/wp\/v2\/posts\/13786","targetHints":{"allow":["GET"]}}],"collection":[{"href":"https:\/\/cortesuprema.gov.co\/corte\/index.php\/wp-json\/wp\/v2\/posts"}],"about":[{"href":"https:\/\/cortesuprema.gov.co\/corte\/index.php\/wp-json\/wp\/v2\/types\/post"}],"author":[{"embeddable":true,"href":"https:\/\/cortesuprema.gov.co\/corte\/index.php\/wp-json\/wp\/v2\/users\/3"}],"replies":[{"embeddable":true,"href":"https:\/\/cortesuprema.gov.co\/corte\/index.php\/wp-json\/wp\/v2\/comments?post=13786"}],"version-history":[{"count":4,"href":"https:\/\/cortesuprema.gov.co\/corte\/index.php\/wp-json\/wp\/v2\/posts\/13786\/revisions"}],"predecessor-version":[{"id":13792,"href":"https:\/\/cortesuprema.gov.co\/corte\/index.php\/wp-json\/wp\/v2\/posts\/13786\/revisions\/13792"}],"wp:featuredmedia":[{"embeddable":true,"href":"https:\/\/cortesuprema.gov.co\/corte\/index.php\/wp-json\/wp\/v2\/media\/9332"}],"wp:attachment":[{"href":"https:\/\/cortesuprema.gov.co\/corte\/index.php\/wp-json\/wp\/v2\/media?parent=13786"}],"wp:term":[{"taxonomy":"category","embeddable":true,"href":"https:\/\/cortesuprema.gov.co\/corte\/index.php\/wp-json\/wp\/v2\/categories?post=13786"},{"taxonomy":"post_tag","embeddable":true,"href":"https:\/\/cortesuprema.gov.co\/corte\/index.php\/wp-json\/wp\/v2\/tags?post=13786"}],"curies":[{"name":"wp","href":"https:\/\/api.w.org\/{rel}","templated":true}]}}