{"id":13935,"date":"2017-06-28T08:25:46","date_gmt":"2017-06-28T13:25:46","guid":{"rendered":"https:\/\/cortesuprema.gov.co\/corte\/?p=13935"},"modified":"2017-06-28T08:25:46","modified_gmt":"2017-06-28T13:25:46","slug":"violencia-intrafamiliar","status":"publish","type":"post","link":"https:\/\/cortesuprema.gov.co\/corte\/index.php\/2017\/06\/28\/violencia-intrafamiliar\/","title":{"rendered":"VIOLENCIA INTRAFAMILIAR"},"content":{"rendered":"<p><strong>VIOLENCIA INTRAFAMILIAR<\/strong><\/p>\n<p>&#8211; Caso en que se consider\u00f3 que la rec\u00edproca agresi\u00f3n no excluye la tipicidad del delito<\/p>\n<p>&#8211; Los sujetos activo y pasivo son calificados, pues deben hacer parte del mismo n\u00facleo familiar o unidad dom\u00e9stica. Como tal, en el caso concreto, se consider\u00f3 la unidad dom\u00e9stica a partir de la convivencia cotidiana y permanente entre la v\u00edctima y victimario, no de su hijo com\u00fan.<\/p>\n<p>-El bien jur\u00eddico tutelado es la armon\u00eda y unidad de la familia, entendidas como la coexistencia pac\u00edfica de un proyecto colectivo que supone el respeto por la autonom\u00eda \u00e9tica de sus integrantes<\/p>\n<p>&#8211; Diferente a las lesiones personales agravadas<\/p>\n<p>&#8211; Alcance de la circunstancias de agravaci\u00f3n: \u00ab<em>cuando la conducta recaiga sobre un menor, una mujer, una persona mayor de sesenta y cinco (65) a\u00f1os o que se encuentre en incapacidad o disminuci\u00f3n f\u00edsica, sensorial y psicol\u00f3gica o quien se encuentre en estado de indefensi\u00f3n<\/em>\u00bb. [SP8064-2017]<!--more--><\/p>\n<hr \/>\n[spiderpowa-pdf src=\u00bbhttps:\/\/cortesuprema.gov.co\/corte\/wp-content\/uploads\/2017\/06\/SP8064-201748047.pdf\u00bb]\n<hr \/>\n<p>Descargue el documento aqu\u00ed:\u00a0<a href=\"https:\/\/cortesuprema.gov.co\/corte\/wp-content\/uploads\/2017\/06\/SP8064-201748047.pdf\" target=\"_blank\">SP8064-2017(48047)<\/a><\/p>\n","protected":false},"excerpt":{"rendered":"<p>VIOLENCIA INTRAFAMILIAR &#8211; Caso en que se consider\u00f3 que la rec\u00edproca agresi\u00f3n no excluye la tipicidad del delito &#8211; Los sujetos activo y pasivo son calificados, pues deben hacer parte del mismo n\u00facleo familiar o unidad dom\u00e9stica. Como tal, en el caso concreto, se consider\u00f3 la unidad dom\u00e9stica a partir de la convivencia cotidiana y &hellip; <a href=\"https:\/\/cortesuprema.gov.co\/corte\/index.php\/2017\/06\/28\/violencia-intrafamiliar\/\" class=\"more-link\">Continuar leyendo<span class=\"screen-reader-text\"> \u00abVIOLENCIA INTRAFAMILIAR\u00bb<\/span><\/a><\/p>\n","protected":false},"author":12,"featured_media":0,"comment_status":"open","ping_status":"open","sticky":false,"template":"","format":"standard","meta":{"footnotes":""},"categories":[68],"tags":[86,127,71,313,312],"class_list":["post-13935","post","type-post","status-publish","format-standard","hentry","category-novedades","tag-corte-suprema-de-justicia","tag-dr-luis-antonio-hernandez-barbosa","tag-sala-penal","tag-sp8064-2017","tag-violencia-intrafamiliar"],"_links":{"self":[{"href":"https:\/\/cortesuprema.gov.co\/corte\/index.php\/wp-json\/wp\/v2\/posts\/13935","targetHints":{"allow":["GET"]}}],"collection":[{"href":"https:\/\/cortesuprema.gov.co\/corte\/index.php\/wp-json\/wp\/v2\/posts"}],"about":[{"href":"https:\/\/cortesuprema.gov.co\/corte\/index.php\/wp-json\/wp\/v2\/types\/post"}],"author":[{"embeddable":true,"href":"https:\/\/cortesuprema.gov.co\/corte\/index.php\/wp-json\/wp\/v2\/users\/12"}],"replies":[{"embeddable":true,"href":"https:\/\/cortesuprema.gov.co\/corte\/index.php\/wp-json\/wp\/v2\/comments?post=13935"}],"version-history":[{"count":1,"href":"https:\/\/cortesuprema.gov.co\/corte\/index.php\/wp-json\/wp\/v2\/posts\/13935\/revisions"}],"predecessor-version":[{"id":13937,"href":"https:\/\/cortesuprema.gov.co\/corte\/index.php\/wp-json\/wp\/v2\/posts\/13935\/revisions\/13937"}],"wp:attachment":[{"href":"https:\/\/cortesuprema.gov.co\/corte\/index.php\/wp-json\/wp\/v2\/media?parent=13935"}],"wp:term":[{"taxonomy":"category","embeddable":true,"href":"https:\/\/cortesuprema.gov.co\/corte\/index.php\/wp-json\/wp\/v2\/categories?post=13935"},{"taxonomy":"post_tag","embeddable":true,"href":"https:\/\/cortesuprema.gov.co\/corte\/index.php\/wp-json\/wp\/v2\/tags?post=13935"}],"curies":[{"name":"wp","href":"https:\/\/api.w.org\/{rel}","templated":true}]}}