{"id":14598,"date":"2017-08-03T14:31:52","date_gmt":"2017-08-03T19:31:52","guid":{"rendered":"https:\/\/cortesuprema.gov.co\/corte\/?p=14598"},"modified":"2019-06-05T08:43:45","modified_gmt":"2019-06-05T13:43:45","slug":"corte-suprema-integra-terna-de-aspirantes-a-auditor-general","status":"publish","type":"post","link":"https:\/\/cortesuprema.gov.co\/corte\/index.php\/2017\/08\/03\/corte-suprema-integra-terna-de-aspirantes-a-auditor-general\/","title":{"rendered":"Corte Suprema integra terna de aspirantes a Auditor General"},"content":{"rendered":"<p style=\"text-align: justify;\"><strong>Bogot\u00e1, D. C., 3 de agosto de 2017. <\/strong>Con los nombres de Nora Fernanda Mart\u00ednez L\u00f3pez, Antonio Emiliano Rivera Bravo y Carlos Hern\u00e1n Rodr\u00edguez Becerra, la Corte Suprema de Justicia integr\u00f3 la terna de la cual el Consejo de Estado elegir\u00e1 Auditor(a) General de la Rep\u00fablica en reemplazo de Carlos Felipe C\u00f3rdoba Larrarte.<\/p>\n<p style=\"text-align: justify;\">Nora Fernanda Mart\u00ednez L\u00f3pez es abogada de la Universidad Externado de Colombia, especialista de la misma instituci\u00f3n en Contrataci\u00f3n Estatal y Ciencias Penales y Criminol\u00f3gicas. Durante sus veinte a\u00f1os de experiencia laboral ha desempe\u00f1ado el ejercicio independiente de la profesi\u00f3n, combinado con la docencia universitaria en las c\u00e1tedras de Derecho Administrativo, Metodolog\u00eda y Contrato de Consultor\u00eda.<\/p>\n<p style=\"text-align: justify;\">Antonio Emiliano Rivera Bravo es abogado especialista en Derecho P\u00fablico Financiero de la Universidad Libre de Colombia. Se ha desempe\u00f1ado como secretario general de la Comisi\u00f3n Primera de la C\u00e1mara de Representantes, asesor jur\u00eddico de la Organizaci\u00f3n Ardila Lulle, asesor externo de la Organizaci\u00f3n de Estados Iberoamericanos y Supernumerario de Minerales de Colombia S.A. Desde el a\u00f1o 2013 ejerci\u00f3 el cargo de magistrado en el Consejo Nacional Electoral. Su experiencia en el sector privado y p\u00fablico la ha combinado con la docencia en las universidades Salamanca y Complutense, entre otras.<\/p>\n<p style=\"text-align: justify;\">Carlos Hern\u00e1n Rodr\u00edguez Becerra es abogado de la Universidad Santiago de Cali, mag\u00edster en Derecho Constitucional y especialista en Derecho Administrativo. Durante sus m\u00e1s de veinte a\u00f1os de experiencia profesional ha desempe\u00f1ado, entre otros, los cargos de concejal de Palmira, diputado de la Asamblea Departamental del Valle, miembro del consejo directivo de la Caja de Compensaci\u00f3n Familiar del Valle, secretario de Planeaci\u00f3n de la Gobernaci\u00f3n del Valle, contralor departamental, defensor Regional y, actualmente, Director Nacional de Defensor\u00eda P\u00fablica de la Defensor\u00eda del Pueblo. Cuenta con una vasta experiencia docente en las universidades Santiago de Cali y Pontificia Universidad Javeriana Seccional Cali.<\/p>\n","protected":false},"excerpt":{"rendered":"<p>Bogot\u00e1, D. C., 3 de agosto de 2017. Con los nombres de Nora Fernanda Mart\u00ednez L\u00f3pez, Antonio Emiliano Rivera Bravo y Carlos Hern\u00e1n Rodr\u00edguez Becerra, la Corte Suprema de Justicia integr\u00f3 la terna de la cual el Consejo de Estado elegir\u00e1 Auditor(a) General de la Rep\u00fablica en reemplazo de Carlos Felipe C\u00f3rdoba Larrarte. Nora Fernanda &hellip; <a href=\"https:\/\/cortesuprema.gov.co\/corte\/index.php\/2017\/08\/03\/corte-suprema-integra-terna-de-aspirantes-a-auditor-general\/\" class=\"more-link\">Continuar leyendo<span class=\"screen-reader-text\"> \u00abCorte Suprema integra terna de aspirantes a Auditor General\u00bb<\/span><\/a><\/p>\n","protected":false},"author":5,"featured_media":14600,"comment_status":"closed","ping_status":"open","sticky":false,"template":"","format":"standard","meta":{"footnotes":""},"categories":[27],"tags":[],"class_list":["post-14598","post","type-post","status-publish","format-standard","has-post-thumbnail","hentry","category-news"],"_links":{"self":[{"href":"https:\/\/cortesuprema.gov.co\/corte\/index.php\/wp-json\/wp\/v2\/posts\/14598","targetHints":{"allow":["GET"]}}],"collection":[{"href":"https:\/\/cortesuprema.gov.co\/corte\/index.php\/wp-json\/wp\/v2\/posts"}],"about":[{"href":"https:\/\/cortesuprema.gov.co\/corte\/index.php\/wp-json\/wp\/v2\/types\/post"}],"author":[{"embeddable":true,"href":"https:\/\/cortesuprema.gov.co\/corte\/index.php\/wp-json\/wp\/v2\/users\/5"}],"replies":[{"embeddable":true,"href":"https:\/\/cortesuprema.gov.co\/corte\/index.php\/wp-json\/wp\/v2\/comments?post=14598"}],"version-history":[{"count":4,"href":"https:\/\/cortesuprema.gov.co\/corte\/index.php\/wp-json\/wp\/v2\/posts\/14598\/revisions"}],"predecessor-version":[{"id":14636,"href":"https:\/\/cortesuprema.gov.co\/corte\/index.php\/wp-json\/wp\/v2\/posts\/14598\/revisions\/14636"}],"wp:featuredmedia":[{"embeddable":true,"href":"https:\/\/cortesuprema.gov.co\/corte\/index.php\/wp-json\/wp\/v2\/media\/14600"}],"wp:attachment":[{"href":"https:\/\/cortesuprema.gov.co\/corte\/index.php\/wp-json\/wp\/v2\/media?parent=14598"}],"wp:term":[{"taxonomy":"category","embeddable":true,"href":"https:\/\/cortesuprema.gov.co\/corte\/index.php\/wp-json\/wp\/v2\/categories?post=14598"},{"taxonomy":"post_tag","embeddable":true,"href":"https:\/\/cortesuprema.gov.co\/corte\/index.php\/wp-json\/wp\/v2\/tags?post=14598"}],"curies":[{"name":"wp","href":"https:\/\/api.w.org\/{rel}","templated":true}]}}