{"id":15866,"date":"2017-10-25T13:38:02","date_gmt":"2017-10-25T18:38:02","guid":{"rendered":"https:\/\/cortesuprema.gov.co\/corte\/?p=15866"},"modified":"2019-06-05T08:43:42","modified_gmt":"2019-06-05T13:43:42","slug":"se-realizara-el-ix-conversatorio-nacional-de-la-especialidad-laboral-en-la-ciudad-de-armenia","status":"publish","type":"post","link":"https:\/\/cortesuprema.gov.co\/corte\/index.php\/2017\/10\/25\/se-realizara-el-ix-conversatorio-nacional-de-la-especialidad-laboral-en-la-ciudad-de-armenia\/","title":{"rendered":"Se realizar\u00e1 el IX Conversatorio Nacional de la especialidad laboral en la ciudad de Armenia"},"content":{"rendered":"<p style=\"text-align: justify;\">Bogot\u00e1 D.C., 25 de octubre de 2017. La Sala de Casaci\u00f3n Laboral de la Corte Suprema de Justicia y el Consejo Superior de la Judicatura a trav\u00e9s de la Escuela Judicial \u201cRodrigo Lara Bonilla\u201d, realizar\u00e1n el IX Conversatorio Nacional de la especialidad laboral en la ciudad de Armenia durante los d\u00edas 9 y 10 de noviembre.<\/p>\n<p style=\"text-align: justify;\">El tema de este encuentro acad\u00e9mico ser\u00e1 <em>El precedente jurisprudencial como garant\u00eda de seguridad jur\u00eddica. Una mirada constitucional y legal en el derecho laboral y de la seguridad social<\/em>, en el marco del cual Magistrados, ex magistrados, jueces y academia, con la participaci\u00f3n de Universidades de la regi\u00f3n y del Ministerio P\u00fablico debatir\u00e1n la incidencia de los pronunciamientos judiciales en la realizaci\u00f3n de derechos fundamentales, en las distintas jurisdicciones.<\/p>\n<p style=\"text-align: justify;\">As\u00ed desde la teor\u00eda y con aplicaci\u00f3n a la realidad social del trabajo y de la seguridad social se aspira a establecer puntos de encuentro y de fortalecimiento del papel del poder judicial.<\/p>\n<p style=\"text-align: justify;\">En diferentes espacios de discusi\u00f3n y bajo ejes tem\u00e1ticos como <em>la Mirada constitucional y legal del precedente jurisprudencial en el trabajo y la seguridad social: tensiones y perspectivas<\/em>, <em>La realizaci\u00f3n de los derechos fundamentales del trabajo en los fallos judiciales<\/em>, <em>Reglas procesales constitucionales y legales en el derecho laboral y de la seguridad social<\/em>, <em>y El derecho colectivo: una mirada desde la Constituci\u00f3n y la ley<\/em>, se realizar\u00e1n las relator\u00edas y se contar\u00e1 con ponencias.<\/p>\n<p style=\"text-align: justify;\">Finalmente la jornada terminar\u00e1 con un trabajo de disertaci\u00f3n en siete mesas en las que los distintos participantes aplicar\u00e1n lo debatido y estudiar\u00e1n los siguientes temas: vicisitudes en el sistema de salud, Alcances del art\u00edculo 64 del C\u00f3digo Sustantivo del Trabajo, Aplicaci\u00f3n de las medidas innominadas del C.G.P., en el C\u00f3digo Laboral, Nulidad e ineficiencia en la afiliaci\u00f3n del RAIS, Condici\u00f3n m\u00e1s beneficiosa, Culpa patronal (Art\u00edculo 216 CST) en relaci\u00f3n de contratos de servicios y triangulaciones laborales, Alcance normativo en materia pensional de las convenciones colectivas de trabajo por las altas cortes \u2013 reglas y principios.<\/p>\n<p style=\"text-align: justify;\">Ser\u00e1n dos d\u00edas intensos donde la academia y la jurisprudencia se unir\u00e1n \u00a0en la defensa del derecho del trabajo y la seguridad social.<\/p>\n<p>&nbsp;<\/p>\n","protected":false},"excerpt":{"rendered":"<p>Bogot\u00e1 D.C., 25 de octubre de 2017. La Sala de Casaci\u00f3n Laboral de la Corte Suprema de Justicia y el Consejo Superior de la Judicatura a trav\u00e9s de la Escuela Judicial \u201cRodrigo Lara Bonilla\u201d, realizar\u00e1n el IX Conversatorio Nacional de la especialidad laboral en la ciudad de Armenia durante los d\u00edas 9 y 10 de &hellip; <a href=\"https:\/\/cortesuprema.gov.co\/corte\/index.php\/2017\/10\/25\/se-realizara-el-ix-conversatorio-nacional-de-la-especialidad-laboral-en-la-ciudad-de-armenia\/\" class=\"more-link\">Continuar leyendo<span class=\"screen-reader-text\"> \u00abSe realizar\u00e1 el IX Conversatorio Nacional de la especialidad laboral en la ciudad de Armenia\u00bb<\/span><\/a><\/p>\n","protected":false},"author":5,"featured_media":15867,"comment_status":"closed","ping_status":"open","sticky":false,"template":"","format":"standard","meta":{"footnotes":""},"categories":[27],"tags":[],"class_list":["post-15866","post","type-post","status-publish","format-standard","has-post-thumbnail","hentry","category-news"],"_links":{"self":[{"href":"https:\/\/cortesuprema.gov.co\/corte\/index.php\/wp-json\/wp\/v2\/posts\/15866","targetHints":{"allow":["GET"]}}],"collection":[{"href":"https:\/\/cortesuprema.gov.co\/corte\/index.php\/wp-json\/wp\/v2\/posts"}],"about":[{"href":"https:\/\/cortesuprema.gov.co\/corte\/index.php\/wp-json\/wp\/v2\/types\/post"}],"author":[{"embeddable":true,"href":"https:\/\/cortesuprema.gov.co\/corte\/index.php\/wp-json\/wp\/v2\/users\/5"}],"replies":[{"embeddable":true,"href":"https:\/\/cortesuprema.gov.co\/corte\/index.php\/wp-json\/wp\/v2\/comments?post=15866"}],"version-history":[{"count":1,"href":"https:\/\/cortesuprema.gov.co\/corte\/index.php\/wp-json\/wp\/v2\/posts\/15866\/revisions"}],"predecessor-version":[{"id":15869,"href":"https:\/\/cortesuprema.gov.co\/corte\/index.php\/wp-json\/wp\/v2\/posts\/15866\/revisions\/15869"}],"wp:featuredmedia":[{"embeddable":true,"href":"https:\/\/cortesuprema.gov.co\/corte\/index.php\/wp-json\/wp\/v2\/media\/15867"}],"wp:attachment":[{"href":"https:\/\/cortesuprema.gov.co\/corte\/index.php\/wp-json\/wp\/v2\/media?parent=15866"}],"wp:term":[{"taxonomy":"category","embeddable":true,"href":"https:\/\/cortesuprema.gov.co\/corte\/index.php\/wp-json\/wp\/v2\/categories?post=15866"},{"taxonomy":"post_tag","embeddable":true,"href":"https:\/\/cortesuprema.gov.co\/corte\/index.php\/wp-json\/wp\/v2\/tags?post=15866"}],"curies":[{"name":"wp","href":"https:\/\/api.w.org\/{rel}","templated":true}]}}