{"id":16348,"date":"2017-12-13T09:26:29","date_gmt":"2017-12-13T14:26:29","guid":{"rendered":"https:\/\/cortesuprema.gov.co\/corte\/?p=16348"},"modified":"2017-12-13T09:26:29","modified_gmt":"2017-12-13T14:26:29","slug":"causales-de-ausencia-de-responsabilidad-orden-legitima-de-autoridad-competente-no-se-configura","status":"publish","type":"post","link":"https:\/\/cortesuprema.gov.co\/corte\/index.php\/2017\/12\/13\/causales-de-ausencia-de-responsabilidad-orden-legitima-de-autoridad-competente-no-se-configura\/","title":{"rendered":"CAUSALES DE AUSENCIA DE RESPONSABILIDAD &#8211; Orden leg\u00edtima de autoridad competente: no se configura"},"content":{"rendered":"<ul>\n<li>Los miembros de la Fuerza P\u00fablica que act\u00faan en combate deben observar los protocolos del D.I.H. y solo pueden utilizar armas de alto poder cuando est\u00e9n autorizados por la autoridad competente, siempre y cuando verifiquen que estas acciones no se constituyen en ileg\u00edtimas. [SP19623-2017]<\/li>\n<\/ul>\n<p><!--more--><\/p>\n<hr \/>\n[spiderpowa-pdf src=\u00bbhttps:\/\/cortesuprema.gov.co\/corte\/wp-content\/uploads\/2017\/12\/SP19623-201737638.pdf\u00bb]\n<hr \/>\n<p>Descargue el documento aqu\u00ed:\u00a0<a href=\"https:\/\/cortesuprema.gov.co\/corte\/wp-content\/uploads\/2017\/12\/SP19623-201737638.pdf\" target=\"_blank\">SP19623-2017(37638)<\/a><\/p>\n","protected":false},"excerpt":{"rendered":"<p>Los miembros de la Fuerza P\u00fablica que act\u00faan en combate deben observar los protocolos del D.I.H. y solo pueden utilizar armas de alto poder cuando est\u00e9n autorizados por la autoridad competente, siempre y cuando verifiquen que estas acciones no se constituyen en ileg\u00edtimas. [SP19623-2017]<\/p>\n","protected":false},"author":12,"featured_media":0,"comment_status":"open","ping_status":"open","sticky":false,"template":"","format":"standard","meta":{"footnotes":""},"categories":[68],"tags":[400,86,402,401,71,403],"class_list":["post-16348","post","type-post","status-publish","format-standard","hentry","category-novedades","tag-causales-de-ausencia-de-responsabilidad","tag-corte-suprema-de-justicia","tag-dr-fernando-leon-bolanos-palacios","tag-orden-legitima-de-autoridad-competente","tag-sala-penal","tag-sp19623-2017"],"_links":{"self":[{"href":"https:\/\/cortesuprema.gov.co\/corte\/index.php\/wp-json\/wp\/v2\/posts\/16348","targetHints":{"allow":["GET"]}}],"collection":[{"href":"https:\/\/cortesuprema.gov.co\/corte\/index.php\/wp-json\/wp\/v2\/posts"}],"about":[{"href":"https:\/\/cortesuprema.gov.co\/corte\/index.php\/wp-json\/wp\/v2\/types\/post"}],"author":[{"embeddable":true,"href":"https:\/\/cortesuprema.gov.co\/corte\/index.php\/wp-json\/wp\/v2\/users\/12"}],"replies":[{"embeddable":true,"href":"https:\/\/cortesuprema.gov.co\/corte\/index.php\/wp-json\/wp\/v2\/comments?post=16348"}],"version-history":[{"count":1,"href":"https:\/\/cortesuprema.gov.co\/corte\/index.php\/wp-json\/wp\/v2\/posts\/16348\/revisions"}],"predecessor-version":[{"id":16350,"href":"https:\/\/cortesuprema.gov.co\/corte\/index.php\/wp-json\/wp\/v2\/posts\/16348\/revisions\/16350"}],"wp:attachment":[{"href":"https:\/\/cortesuprema.gov.co\/corte\/index.php\/wp-json\/wp\/v2\/media?parent=16348"}],"wp:term":[{"taxonomy":"category","embeddable":true,"href":"https:\/\/cortesuprema.gov.co\/corte\/index.php\/wp-json\/wp\/v2\/categories?post=16348"},{"taxonomy":"post_tag","embeddable":true,"href":"https:\/\/cortesuprema.gov.co\/corte\/index.php\/wp-json\/wp\/v2\/tags?post=16348"}],"curies":[{"name":"wp","href":"https:\/\/api.w.org\/{rel}","templated":true}]}}