{"id":16646,"date":"2018-02-06T15:45:12","date_gmt":"2018-02-06T20:45:12","guid":{"rendered":"https:\/\/cortesuprema.gov.co\/corte\/?p=16646"},"modified":"2019-06-05T08:54:20","modified_gmt":"2019-06-05T13:54:20","slug":"derecho-al-trabajo-y-derecho-de-acceso-a-la-administracion-de-justicia-vulneracion","status":"publish","type":"post","link":"https:\/\/cortesuprema.gov.co\/corte\/index.php\/2018\/02\/06\/derecho-al-trabajo-y-derecho-de-acceso-a-la-administracion-de-justicia-vulneracion\/","title":{"rendered":"DERECHO AL TRABAJO Y DERECHO DE ACCESO A LA ADMINISTRACI\u00d3N DE JUSTICIA \u2013 Vulneraci\u00f3n"},"content":{"rendered":"<p><strong>DERECHO AL TRABAJO<\/strong> \u2013 Vulneraci\u00f3n<\/p>\n<p><strong>DERECHO DE ACCESO A LA ADMINISTRACI\u00d3N DE JUSTICIA<\/strong> &#8211; Vulneraci\u00f3n<\/p>\n<p style=\"text-align: justify;\">La negativa del Alcalde del Municipio de Palmira a recibir los despachos comisorios para llevar a cabo las diligencias de secuestro y entrega de inmuebles, remitidos por los jueces, vulnera los derechos al trabajo y al acceso a la administraci\u00f3n de justicia de los abogados litigantes accionantes<\/p>\n<hr \/>\n<p>&nbsp;<\/p>\n<hr \/>\n<p>&nbsp;<\/p>\n[spiderpowa-pdf src=\u00bbhttps:\/\/cortesuprema.gov.co\/corte\/wp-content\/uploads\/novejuri\/tutela\/STC22050-2017.pdf\u00bb]<a href=\"https:\/\/cortesuprema.gov.co\/corte\/wp-content\/uploads\/relatorias\/la\/bsep2017\/Boletin 8 Laboral.pdf\" target=\"_blank\" rel=\"noopener noreferrer\">\u00a0<\/a><\/p>\n<p>Descargue el documento en el siguiente enlace:\u00a0<a href=\"https:\/\/cortesuprema.gov.co\/corte\/wp-content\/uploads\/novejuri\/tutela\/STC22050-2017.pdf\" target=\"_blank\" rel=\"noopener noreferrer\">(STC22050-2017)<\/a><\/p>\n","protected":false},"excerpt":{"rendered":"<p>DERECHO AL TRABAJO \u2013 Vulneraci\u00f3n DERECHO DE ACCESO A LA ADMINISTRACI\u00d3N DE JUSTICIA &#8211; Vulneraci\u00f3n La negativa del Alcalde del Municipio de Palmira a recibir los despachos comisorios para llevar a cabo las diligencias de secuestro y entrega de inmuebles, remitidos por los jueces, vulnera los derechos al trabajo y al acceso a la administraci\u00f3n &hellip; <a href=\"https:\/\/cortesuprema.gov.co\/corte\/index.php\/2018\/02\/06\/derecho-al-trabajo-y-derecho-de-acceso-a-la-administracion-de-justicia-vulneracion\/\" class=\"more-link\">Continuar leyendo<span class=\"screen-reader-text\"> \u00abDERECHO AL TRABAJO Y DERECHO DE ACCESO A LA ADMINISTRACI\u00d3N DE JUSTICIA \u2013 Vulneraci\u00f3n\u00bb<\/span><\/a><\/p>\n","protected":false},"author":3,"featured_media":0,"comment_status":"closed","ping_status":"open","sticky":false,"template":"","format":"standard","meta":{"footnotes":""},"categories":[68],"tags":[413,415,410,416,412,414,417,261,411],"class_list":["post-16646","post","type-post","status-publish","format-standard","hentry","category-novedades","tag-administracion-de-justicia","tag-alcaldes","tag-ana-maria-prieto-sandoval","tag-colaboracion-armonica","tag-derecho-al-trabajo","tag-inspectores-de-policia","tag-ley-1564","tag-relatoria-de-tutelas-y-sala-plena","tag-tutela"],"_links":{"self":[{"href":"https:\/\/cortesuprema.gov.co\/corte\/index.php\/wp-json\/wp\/v2\/posts\/16646","targetHints":{"allow":["GET"]}}],"collection":[{"href":"https:\/\/cortesuprema.gov.co\/corte\/index.php\/wp-json\/wp\/v2\/posts"}],"about":[{"href":"https:\/\/cortesuprema.gov.co\/corte\/index.php\/wp-json\/wp\/v2\/types\/post"}],"author":[{"embeddable":true,"href":"https:\/\/cortesuprema.gov.co\/corte\/index.php\/wp-json\/wp\/v2\/users\/3"}],"replies":[{"embeddable":true,"href":"https:\/\/cortesuprema.gov.co\/corte\/index.php\/wp-json\/wp\/v2\/comments?post=16646"}],"version-history":[{"count":4,"href":"https:\/\/cortesuprema.gov.co\/corte\/index.php\/wp-json\/wp\/v2\/posts\/16646\/revisions"}],"predecessor-version":[{"id":23786,"href":"https:\/\/cortesuprema.gov.co\/corte\/index.php\/wp-json\/wp\/v2\/posts\/16646\/revisions\/23786"}],"wp:attachment":[{"href":"https:\/\/cortesuprema.gov.co\/corte\/index.php\/wp-json\/wp\/v2\/media?parent=16646"}],"wp:term":[{"taxonomy":"category","embeddable":true,"href":"https:\/\/cortesuprema.gov.co\/corte\/index.php\/wp-json\/wp\/v2\/categories?post=16646"},{"taxonomy":"post_tag","embeddable":true,"href":"https:\/\/cortesuprema.gov.co\/corte\/index.php\/wp-json\/wp\/v2\/tags?post=16646"}],"curies":[{"name":"wp","href":"https:\/\/api.w.org\/{rel}","templated":true}]}}