{"id":16668,"date":"2018-02-08T11:03:40","date_gmt":"2018-02-08T16:03:40","guid":{"rendered":"https:\/\/cortesuprema.gov.co\/corte\/?p=16668"},"modified":"2018-02-08T11:03:40","modified_gmt":"2018-02-08T16:03:40","slug":"ley-de-justicia-y-paz-victimas-principio-de-enfoque-diferencial-concepto-y-alcance","status":"publish","type":"post","link":"https:\/\/cortesuprema.gov.co\/corte\/index.php\/2018\/02\/08\/ley-de-justicia-y-paz-victimas-principio-de-enfoque-diferencial-concepto-y-alcance\/","title":{"rendered":"LEY DE JUSTICIA Y PAZ &#8211; V\u00edctimas: principio de enfoque diferencial, concepto y alcance"},"content":{"rendered":"<p>LEY DE JUSTICIA Y PAZ &#8211; V\u00edctimas: principio de enfoque diferencial, concepto y alcance<\/p>\n<ul>\n<li>La Sala Penal precisa el alcance del enfoque diferencial y la presunci\u00f3n del da\u00f1o moral de las v\u00edctimas pertenecientes a comunidades ind\u00edgenas en procesos adelantados dentro del marco de la Ley de Justicia y Paz. [SP19338-2017(49067)]<\/li>\n<\/ul>\n<p><!--more--><\/p>\n<hr \/>\n[spiderpowa-pdf src=\u00bbhttps:\/\/cortesuprema.gov.co\/corte\/wp-content\/uploads\/2018\/02\/SP19338-201749067.pdf\u00bb]\n<hr \/>\n<p>Descargue el documento aqu\u00ed:\u00a0<a href=\"https:\/\/cortesuprema.gov.co\/corte\/wp-content\/uploads\/2018\/02\/SP19338-201749067.pdf\" target=\"_blank\">SP19338-2017(49067)<\/a><\/p>\n","protected":false},"excerpt":{"rendered":"<p>LEY DE JUSTICIA Y PAZ &#8211; V\u00edctimas: principio de enfoque diferencial, concepto y alcance La Sala Penal precisa el alcance del enfoque diferencial y la presunci\u00f3n del da\u00f1o moral de las v\u00edctimas pertenecientes a comunidades ind\u00edgenas en procesos adelantados dentro del marco de la Ley de Justicia y Paz. [SP19338-2017(49067)]<\/p>\n","protected":false},"author":12,"featured_media":0,"comment_status":"open","ping_status":"open","sticky":false,"template":"","format":"standard","meta":{"footnotes":""},"categories":[68],"tags":[86,402,198,71,422,421],"class_list":["post-16668","post","type-post","status-publish","format-standard","hentry","category-novedades","tag-corte-suprema-de-justicia","tag-dr-fernando-leon-bolanos-palacios","tag-ley-de-justicia-y-paz","tag-sala-penal","tag-sp19338-201749067","tag-victimas-principio-de-enfoque-diferencial"],"_links":{"self":[{"href":"https:\/\/cortesuprema.gov.co\/corte\/index.php\/wp-json\/wp\/v2\/posts\/16668","targetHints":{"allow":["GET"]}}],"collection":[{"href":"https:\/\/cortesuprema.gov.co\/corte\/index.php\/wp-json\/wp\/v2\/posts"}],"about":[{"href":"https:\/\/cortesuprema.gov.co\/corte\/index.php\/wp-json\/wp\/v2\/types\/post"}],"author":[{"embeddable":true,"href":"https:\/\/cortesuprema.gov.co\/corte\/index.php\/wp-json\/wp\/v2\/users\/12"}],"replies":[{"embeddable":true,"href":"https:\/\/cortesuprema.gov.co\/corte\/index.php\/wp-json\/wp\/v2\/comments?post=16668"}],"version-history":[{"count":1,"href":"https:\/\/cortesuprema.gov.co\/corte\/index.php\/wp-json\/wp\/v2\/posts\/16668\/revisions"}],"predecessor-version":[{"id":16669,"href":"https:\/\/cortesuprema.gov.co\/corte\/index.php\/wp-json\/wp\/v2\/posts\/16668\/revisions\/16669"}],"wp:attachment":[{"href":"https:\/\/cortesuprema.gov.co\/corte\/index.php\/wp-json\/wp\/v2\/media?parent=16668"}],"wp:term":[{"taxonomy":"category","embeddable":true,"href":"https:\/\/cortesuprema.gov.co\/corte\/index.php\/wp-json\/wp\/v2\/categories?post=16668"},{"taxonomy":"post_tag","embeddable":true,"href":"https:\/\/cortesuprema.gov.co\/corte\/index.php\/wp-json\/wp\/v2\/tags?post=16668"}],"curies":[{"name":"wp","href":"https:\/\/api.w.org\/{rel}","templated":true}]}}