{"id":17301,"date":"2018-03-09T09:47:37","date_gmt":"2018-03-09T14:47:37","guid":{"rendered":"https:\/\/cortesuprema.gov.co\/corte\/?p=17301"},"modified":"2019-06-05T08:43:40","modified_gmt":"2019-06-05T13:43:40","slug":"corte-suprema-condena-a-exdirector-de-fiscalia-anticorrupcion","status":"publish","type":"post","link":"https:\/\/cortesuprema.gov.co\/corte\/index.php\/2018\/03\/09\/corte-suprema-condena-a-exdirector-de-fiscalia-anticorrupcion\/","title":{"rendered":"Corte Suprema condena a exdirector de Fiscal\u00eda Anticorrupci\u00f3n"},"content":{"rendered":"<p style=\"text-align: justify;\"><strong>Bogot\u00e1, D. C., 9 de marzo de 2018.<\/strong> Mediante sentencia anticipada por la aceptaci\u00f3n de responsabilidad en los delitos de concusi\u00f3n y utilizaci\u00f3n indebida de informaci\u00f3n oficial privilegiada, la Corte Suprema de Justicia conden\u00f3 al exdirector de Fiscal\u00eda Nacional Especializada contra la Corrupci\u00f3n, Luis Gustavo Moreno Rivera, a 58 meses y 15 d\u00edas de prisi\u00f3n, multas por 143.74 salarios m\u00ednimos legales mensuales, p\u00e9rdida del cargo p\u00fablico e inhabilidad para el ejercicio de derechos y funciones p\u00fablicas.<\/p>\n<p style=\"text-align: justify;\">\u201cLos que se pusieron al margen, los que hicieron un negocio personal de ese pilar fundamental que es la justicia en una democracia, como fue el caso del procesado Moreno Rivera, y los que a\u00fan ocultos venden la funci\u00f3n y le causan desprestigio y deslegitiman a un poder judicial hist\u00f3ricamente heroico, deben paulatinamente ir siendo excluidos por efecto de la acci\u00f3n combinada de una ciudadan\u00eda \u00e9tica que denuncia\u00a0 y no cede a las tramas ilegales, y de una administraci\u00f3n de justicia que en medio de las m\u00e1s duras pruebas ha demostrado que cuenta con la gallard\u00eda de reconocer la deshonestidad de algunos de sus miembros y de reaccionar r\u00e1pidamente sin contemplaci\u00f3n.<\/p>\n<p style=\"text-align: justify;\">\u201cLa Rama Judicial en su mayor parte est\u00e1 conformada por funcionarios y empleados comprometidos, diligentes, responsables, \u00e9ticos, valientes y honestos. A ellos es el llamado que hace la Corte. Nos ha correspondido, una vez m\u00e1s, probar con el ejercicio de nuestras funciones en el marco de la ley, que somos el poder moral de la naci\u00f3n\u201d, afirm\u00f3 el presidente de la Sala de Casaci\u00f3n Penal, magistrado Luis Antonio Hern\u00e1ndez Barbosa, al anunciar la condena.<\/p>\n<p style=\"text-align: justify;\">\u201cLa Corte \u2013consigna la providencia\u2013 no puede dejar pasar esta oportunidad para expresar su perplejidad ante comportamientos como los juzgados, en los que un funcionario de alto nivel dentro de la estructura jer\u00e1rquica de la Fiscal\u00eda General de la Naci\u00f3n, precisamente encargado de luchar contra la corrupci\u00f3n, defraud\u00f3 tan hondamente la credibilidad del conglomerado social en sus funcionarios e instituciones, en especial, en las encargadas de administrar justicia.<\/p>\n<p style=\"text-align: justify;\">\u201cNo hay duda que la corrupci\u00f3n a todos los niveles mina los pilares de cualquier Estado. Hoy y desde hace tiempo, Colombia se ve enfrentada a tan grave flagelo, circunstancia que impone no aflicci\u00f3n, amedrentamiento o pesimismo de los ciudadanos y sus autoridades, sino conductas decididas a erradicar aquello que de ninguna manera puede ser consustancial a la sociedad.<\/p>\n<p style=\"text-align: justify;\">\u201cLa novedosa nominaci\u00f3n que apareci\u00f3 en la Carta Pol\u00edtica de servidores p\u00fablicos no fue casual, se corresponde con el trabajo misional de quienes desempe\u00f1an facultades especiales y regladas al servicio de los habitantes del pa\u00eds, no para beneficio propio o de terceros, sino para asegurar la vigencia y la vivencia del contrato social acordado en la Constituci\u00f3n Pol\u00edtica.<\/p>\n<p style=\"text-align: justify;\">\u201cLa corrupci\u00f3n crea desequilibrio entre quien act\u00faa correctamente y quien no lo hace, conduce a la insatisfacci\u00f3n del que cree en las reglas y es defraudado, da lugar a reacciones contrainstitucionales en un desesperado intento por acceder de forma ileg\u00edtima a aquello que es negado por los cauces ordinarios, tiene un efecto multiplicador en cuanto no \u00fanicamente lesiona derechos individuales o intereses privados, sino derechos de todo el conglomerado social, que no por difusos son inexistentes.<\/p>\n<p style=\"text-align: justify;\">\u201cPor estas y muchas m\u00e1s razones, especialmente la restauraci\u00f3n de la decencia, le corresponde a los poderes p\u00fablicos, pero sobre todo al judicial, con actuaciones entusiastas y firmes contra los corruptos que arruinan el bienestar social, retornar la credibilidad de la ciudadan\u00eda en sus instituciones, injustificadamente resquebrajadas por la ocurrencia de conductas criminales como las aqu\u00ed juzgadas\u201d.<\/p>\n<p style=\"text-align: justify;\">En estos t\u00e9rminos, tras advertir la gravedad de los delitos por los que fue juzgado en este expediente el exjefe de Fiscal\u00eda Nacional Especializada contra la Corrupci\u00f3n, la Corte aval\u00f3 los acuerdos entre la Fiscal\u00eda y la Defensa del procesado para reconocerle el descuento legal de la mitad de la pena, por haber aceptado ser el responsable de esas conductas desde el momento inicial de la imputaci\u00f3n de cargos.<\/p>\n<p style=\"text-align: justify;\">[spiderpowa-pdf src=\u00bbhttps:\/\/cortesuprema.gov.co\/corte\/wp-content\/uploads\/2018\/03\/SP621-2018-Luis-Gustavo-Moreno-002.pdf\u00bb]<a href=\"https:\/\/cortesuprema.gov.co\/corte\/wp-content\/uploads\/2018\/03\/SP621-2018-Luis-Gustavo-Moreno-002.pdf\">SP621-2018 Luis Gustavo Moreno (002)<\/a><\/p>\n","protected":false},"excerpt":{"rendered":"<p>Bogot\u00e1, D. C., 9 de marzo de 2018. Mediante sentencia anticipada por la aceptaci\u00f3n de responsabilidad en los delitos de concusi\u00f3n y utilizaci\u00f3n indebida de informaci\u00f3n oficial privilegiada, la Corte Suprema de Justicia conden\u00f3 al exdirector de Fiscal\u00eda Nacional Especializada contra la Corrupci\u00f3n, Luis Gustavo Moreno Rivera, a 58 meses y 15 d\u00edas de prisi\u00f3n, &hellip; <a href=\"https:\/\/cortesuprema.gov.co\/corte\/index.php\/2018\/03\/09\/corte-suprema-condena-a-exdirector-de-fiscalia-anticorrupcion\/\" class=\"more-link\">Continuar leyendo<span class=\"screen-reader-text\"> \u00abCorte Suprema condena a exdirector de Fiscal\u00eda Anticorrupci\u00f3n\u00bb<\/span><\/a><\/p>\n","protected":false},"author":5,"featured_media":17303,"comment_status":"closed","ping_status":"closed","sticky":false,"template":"","format":"standard","meta":{"footnotes":""},"categories":[27,1],"tags":[],"class_list":["post-17301","post","type-post","status-publish","format-standard","has-post-thumbnail","hentry","category-news","category-sin-categoria"],"_links":{"self":[{"href":"https:\/\/cortesuprema.gov.co\/corte\/index.php\/wp-json\/wp\/v2\/posts\/17301","targetHints":{"allow":["GET"]}}],"collection":[{"href":"https:\/\/cortesuprema.gov.co\/corte\/index.php\/wp-json\/wp\/v2\/posts"}],"about":[{"href":"https:\/\/cortesuprema.gov.co\/corte\/index.php\/wp-json\/wp\/v2\/types\/post"}],"author":[{"embeddable":true,"href":"https:\/\/cortesuprema.gov.co\/corte\/index.php\/wp-json\/wp\/v2\/users\/5"}],"replies":[{"embeddable":true,"href":"https:\/\/cortesuprema.gov.co\/corte\/index.php\/wp-json\/wp\/v2\/comments?post=17301"}],"version-history":[{"count":1,"href":"https:\/\/cortesuprema.gov.co\/corte\/index.php\/wp-json\/wp\/v2\/posts\/17301\/revisions"}],"predecessor-version":[{"id":17304,"href":"https:\/\/cortesuprema.gov.co\/corte\/index.php\/wp-json\/wp\/v2\/posts\/17301\/revisions\/17304"}],"wp:featuredmedia":[{"embeddable":true,"href":"https:\/\/cortesuprema.gov.co\/corte\/index.php\/wp-json\/wp\/v2\/media\/17303"}],"wp:attachment":[{"href":"https:\/\/cortesuprema.gov.co\/corte\/index.php\/wp-json\/wp\/v2\/media?parent=17301"}],"wp:term":[{"taxonomy":"category","embeddable":true,"href":"https:\/\/cortesuprema.gov.co\/corte\/index.php\/wp-json\/wp\/v2\/categories?post=17301"},{"taxonomy":"post_tag","embeddable":true,"href":"https:\/\/cortesuprema.gov.co\/corte\/index.php\/wp-json\/wp\/v2\/tags?post=17301"}],"curies":[{"name":"wp","href":"https:\/\/api.w.org\/{rel}","templated":true}]}}