{"id":17457,"date":"2018-03-21T04:32:55","date_gmt":"2018-03-21T09:32:55","guid":{"rendered":"https:\/\/cortesuprema.gov.co\/corte\/?p=17457"},"modified":"2018-03-21T05:38:44","modified_gmt":"2018-03-21T10:38:44","slug":"legitima-defensa-duda-probatoria-sobre-la-configuracion-de-esta-debe-resolverse-a-favor-del-procesado","status":"publish","type":"post","link":"https:\/\/cortesuprema.gov.co\/corte\/index.php\/2018\/03\/21\/legitima-defensa-duda-probatoria-sobre-la-configuracion-de-esta-debe-resolverse-a-favor-del-procesado\/","title":{"rendered":"LEG\u00cdTIMA DEFENSA &#8211; Duda probatoria sobre la configuraci\u00f3n de esta: debe resolverse a favor del procesado"},"content":{"rendered":"<p>LEG\u00cdTIMA DEFENSA &#8211; Duda probatoria sobre la configuraci\u00f3n de esta: debe resolverse a favor del procesado<\/p>\n<ul>\n<li style=\"text-align: justify;\">La Sala analiza las circunstancias en que puede configurarse la figura eximente de responsabilidad, y cuando hay lugar a declararla por duda en su reconocimiento. [SP291-2018(48609)]<\/li>\n<\/ul>\n<p><!--more--><\/p>\n<hr \/>\n[spiderpowa-pdf src=\u00bbhttps:\/\/cortesuprema.gov.co\/corte\/wp-content\/uploads\/2018\/03\/SP291-2018486091.pdf\u00bb]\n<hr \/>\n<p>Descargue el documento aqu\u00ed:\u00a0<a href=\"https:\/\/cortesuprema.gov.co\/corte\/wp-content\/uploads\/2018\/03\/SP291-2018486091.pdf\" target=\"_blank\">SP291-2018(48609)<\/a><\/p>\n<p>&nbsp;<\/p>\n<p>&nbsp;<\/p>\n","protected":false},"excerpt":{"rendered":"<p>LEG\u00cdTIMA DEFENSA &#8211; Duda probatoria sobre la configuraci\u00f3n de esta: debe resolverse a favor del procesado La Sala analiza las circunstancias en que puede configurarse la figura eximente de responsabilidad, y cuando hay lugar a declararla por duda en su reconocimiento. [SP291-2018(48609)]<\/p>\n","protected":false},"author":12,"featured_media":0,"comment_status":"open","ping_status":"closed","sticky":false,"template":"","format":"standard","meta":{"footnotes":""},"categories":[68],"tags":[86,462,222,461,445,71,447],"class_list":["post-17457","post","type-post","status-publish","format-standard","hentry","category-novedades","tag-corte-suprema-de-justicia","tag-debe-resolverse-a-favor-del-procesado","tag-dr-fernando-alberto-castro-caballero","tag-duda-probatoria-sobre-la-configuracion-de-esta","tag-legitima-defensa","tag-sala-penal","tag-sp291-201848609"],"_links":{"self":[{"href":"https:\/\/cortesuprema.gov.co\/corte\/index.php\/wp-json\/wp\/v2\/posts\/17457","targetHints":{"allow":["GET"]}}],"collection":[{"href":"https:\/\/cortesuprema.gov.co\/corte\/index.php\/wp-json\/wp\/v2\/posts"}],"about":[{"href":"https:\/\/cortesuprema.gov.co\/corte\/index.php\/wp-json\/wp\/v2\/types\/post"}],"author":[{"embeddable":true,"href":"https:\/\/cortesuprema.gov.co\/corte\/index.php\/wp-json\/wp\/v2\/users\/12"}],"replies":[{"embeddable":true,"href":"https:\/\/cortesuprema.gov.co\/corte\/index.php\/wp-json\/wp\/v2\/comments?post=17457"}],"version-history":[{"count":1,"href":"https:\/\/cortesuprema.gov.co\/corte\/index.php\/wp-json\/wp\/v2\/posts\/17457\/revisions"}],"predecessor-version":[{"id":17458,"href":"https:\/\/cortesuprema.gov.co\/corte\/index.php\/wp-json\/wp\/v2\/posts\/17457\/revisions\/17458"}],"wp:attachment":[{"href":"https:\/\/cortesuprema.gov.co\/corte\/index.php\/wp-json\/wp\/v2\/media?parent=17457"}],"wp:term":[{"taxonomy":"category","embeddable":true,"href":"https:\/\/cortesuprema.gov.co\/corte\/index.php\/wp-json\/wp\/v2\/categories?post=17457"},{"taxonomy":"post_tag","embeddable":true,"href":"https:\/\/cortesuprema.gov.co\/corte\/index.php\/wp-json\/wp\/v2\/tags?post=17457"}],"curies":[{"name":"wp","href":"https:\/\/api.w.org\/{rel}","templated":true}]}}