{"id":19490,"date":"2018-07-31T09:19:41","date_gmt":"2018-07-31T14:19:41","guid":{"rendered":"https:\/\/cortesuprema.gov.co\/corte\/?p=19490"},"modified":"2019-06-05T08:39:58","modified_gmt":"2019-06-05T13:39:58","slug":"prevaricato-por-omision-por-parte-de-la-fiscalia-en-labores-de-investigacion","status":"publish","type":"post","link":"https:\/\/cortesuprema.gov.co\/corte\/index.php\/2018\/07\/31\/prevaricato-por-omision-por-parte-de-la-fiscalia-en-labores-de-investigacion\/","title":{"rendered":"PREVARICATO POR OMISI\u00d3N &#8211; Por parte de la Fiscal\u00eda en labores de investigaci\u00f3n"},"content":{"rendered":"<p><strong>PREVARICATO POR OMISI\u00d3N<\/strong>\u00a0&#8211; Por parte de la Fiscal\u00eda en labores de investigaci\u00f3n<\/p>\n<ul>\n<li>La responsabilidad de los funcionarios en el \u00e1rea investigativa no se puede determinar \u00fanicamente por el transcurso del tiempo, es necesario examinar la actividad desplegada por estos y todas las circunstancias ex\u00f3genas. [SP1612-2018(48968)]<\/li>\n<\/ul>\n<p><!--more--><\/p>\n<hr \/>\n[spiderpowa-pdf src=\u00bbhttps:\/\/cortesuprema.gov.co\/corte\/wp-content\/uploads\/2018\/07\/SP1612-201848968.pdf\u00bb]\n<hr \/>\n<p>Descargue el documento aqu\u00ed:\u00a0<a href=\"https:\/\/cortesuprema.gov.co\/corte\/wp-content\/uploads\/2018\/07\/SP1612-201848968.pdf\" target=\"_blank\" rel=\"noopener noreferrer\">SP1612-2018(48968)<\/a><\/p>\n","protected":false},"excerpt":{"rendered":"<p>PREVARICATO POR OMISI\u00d3N\u00a0&#8211; Por parte de la Fiscal\u00eda en labores de investigaci\u00f3n La responsabilidad de los funcionarios en el \u00e1rea investigativa no se puede determinar \u00fanicamente por el transcurso del tiempo, es necesario examinar la actividad desplegada por estos y todas las circunstancias ex\u00f3genas. [SP1612-2018(48968)]<\/p>\n","protected":false},"author":12,"featured_media":0,"comment_status":"closed","ping_status":"closed","sticky":false,"template":"","format":"standard","meta":{"footnotes":""},"categories":[68],"tags":[86,97,691,690,71,692],"class_list":["post-19490","post","type-post","status-publish","format-standard","hentry","category-novedades","tag-corte-suprema-de-justicia","tag-dr-jose-luis-barcelo-camacho","tag-por-parte-de-la-fiscalia-en-labores-de-investigacion","tag-prevaricato-por-omision","tag-sala-penal","tag-sp1612-201848968"],"_links":{"self":[{"href":"https:\/\/cortesuprema.gov.co\/corte\/index.php\/wp-json\/wp\/v2\/posts\/19490","targetHints":{"allow":["GET"]}}],"collection":[{"href":"https:\/\/cortesuprema.gov.co\/corte\/index.php\/wp-json\/wp\/v2\/posts"}],"about":[{"href":"https:\/\/cortesuprema.gov.co\/corte\/index.php\/wp-json\/wp\/v2\/types\/post"}],"author":[{"embeddable":true,"href":"https:\/\/cortesuprema.gov.co\/corte\/index.php\/wp-json\/wp\/v2\/users\/12"}],"replies":[{"embeddable":true,"href":"https:\/\/cortesuprema.gov.co\/corte\/index.php\/wp-json\/wp\/v2\/comments?post=19490"}],"version-history":[{"count":2,"href":"https:\/\/cortesuprema.gov.co\/corte\/index.php\/wp-json\/wp\/v2\/posts\/19490\/revisions"}],"predecessor-version":[{"id":23738,"href":"https:\/\/cortesuprema.gov.co\/corte\/index.php\/wp-json\/wp\/v2\/posts\/19490\/revisions\/23738"}],"wp:attachment":[{"href":"https:\/\/cortesuprema.gov.co\/corte\/index.php\/wp-json\/wp\/v2\/media?parent=19490"}],"wp:term":[{"taxonomy":"category","embeddable":true,"href":"https:\/\/cortesuprema.gov.co\/corte\/index.php\/wp-json\/wp\/v2\/categories?post=19490"},{"taxonomy":"post_tag","embeddable":true,"href":"https:\/\/cortesuprema.gov.co\/corte\/index.php\/wp-json\/wp\/v2\/tags?post=19490"}],"curies":[{"name":"wp","href":"https:\/\/api.w.org\/{rel}","templated":true}]}}