{"id":20714,"date":"2018-10-08T15:26:19","date_gmt":"2018-10-08T20:26:19","guid":{"rendered":"https:\/\/cortesuprema.gov.co\/corte\/?p=20714"},"modified":"2019-06-05T08:39:45","modified_gmt":"2019-06-05T13:39:45","slug":"trata-de-personas-cuando-la-victima-es-menor-de-edad-no-es-exigible-que-medie-violencia-para-su-configuracion","status":"publish","type":"post","link":"https:\/\/cortesuprema.gov.co\/corte\/index.php\/2018\/10\/08\/trata-de-personas-cuando-la-victima-es-menor-de-edad-no-es-exigible-que-medie-violencia-para-su-configuracion\/","title":{"rendered":"TRATA DE PERSONAS Cuando la v\u00edctima es menor de edad no es exigible que medie violencia para su configuraci\u00f3n"},"content":{"rendered":"<p>TRATA DE PERSONAS Cuando la v\u00edctima es menor de edad no es exigible que medie violencia para su configuraci\u00f3n<\/p>\n<ul>\n<li style=\"text-align: justify;\">Luego de percibir que la demanda de casaci\u00f3n deb\u00eda ser inadmitida por inobservar los presupuestos de l\u00f3gica y debida fundamentaci\u00f3n, la Sala estim\u00f3 trascendente examinar los elementos del tipo penal de Trata de Personas, a la luz de la normatividad nacional e internacional, para precisar que cuando la v\u00edctima es menor de edad no es exigible que medie violencia para su configuraci\u00f3n. As\u00ed mismo, se refiri\u00f3 a la conducta punible de Proxenetismo con menor de edad, a objeto de enfatizar que no es necesaria la obtenci\u00f3n del lucro pretendido para la estructuraci\u00f3n del delito. [AP3633-2018(52271)]<\/li>\n<\/ul>\n<p><!--more--><\/p>\n<hr \/>\n[spiderpowa-pdf src=\u00bbhttps:\/\/cortesuprema.gov.co\/corte\/wp-content\/uploads\/2018\/10\/AP3633-201852271.pdf\u00bb]\n<hr \/>\n<p>Descargue el documento aqu\u00ed:\u00a0<a href=\"https:\/\/cortesuprema.gov.co\/corte\/wp-content\/uploads\/2018\/10\/AP3633-201852271.pdf\" target=\"_blank\" rel=\"noopener noreferrer\">AP3633-2018(52271)<\/a><\/p>\n","protected":false},"excerpt":{"rendered":"<p>TRATA DE PERSONAS Cuando la v\u00edctima es menor de edad no es exigible que medie violencia para su configuraci\u00f3n Luego de percibir que la demanda de casaci\u00f3n deb\u00eda ser inadmitida por inobservar los presupuestos de l\u00f3gica y debida fundamentaci\u00f3n, la Sala estim\u00f3 trascendente examinar los elementos del tipo penal de Trata de Personas, a la &hellip; <a href=\"https:\/\/cortesuprema.gov.co\/corte\/index.php\/2018\/10\/08\/trata-de-personas-cuando-la-victima-es-menor-de-edad-no-es-exigible-que-medie-violencia-para-su-configuracion\/\" class=\"more-link\">Continuar leyendo<span class=\"screen-reader-text\"> \u00abTRATA DE PERSONAS Cuando la v\u00edctima es menor de edad no es exigible que medie violencia para su configuraci\u00f3n\u00bb<\/span><\/a><\/p>\n","protected":false},"author":12,"featured_media":0,"comment_status":"closed","ping_status":"closed","sticky":false,"template":"","format":"standard","meta":{"footnotes":""},"categories":[68],"tags":[973,86,972,97,71,971],"class_list":["post-20714","post","type-post","status-publish","format-standard","hentry","category-novedades","tag-ap3633-201852271","tag-corte-suprema-de-justicia","tag-cuando-la-victima-es-menor-de-edad-no-es-exigible-que-medie-violencia-para-su-configuracion","tag-dr-jose-luis-barcelo-camacho","tag-sala-penal","tag-trata-de-personas"],"_links":{"self":[{"href":"https:\/\/cortesuprema.gov.co\/corte\/index.php\/wp-json\/wp\/v2\/posts\/20714","targetHints":{"allow":["GET"]}}],"collection":[{"href":"https:\/\/cortesuprema.gov.co\/corte\/index.php\/wp-json\/wp\/v2\/posts"}],"about":[{"href":"https:\/\/cortesuprema.gov.co\/corte\/index.php\/wp-json\/wp\/v2\/types\/post"}],"author":[{"embeddable":true,"href":"https:\/\/cortesuprema.gov.co\/corte\/index.php\/wp-json\/wp\/v2\/users\/12"}],"replies":[{"embeddable":true,"href":"https:\/\/cortesuprema.gov.co\/corte\/index.php\/wp-json\/wp\/v2\/comments?post=20714"}],"version-history":[{"count":2,"href":"https:\/\/cortesuprema.gov.co\/corte\/index.php\/wp-json\/wp\/v2\/posts\/20714\/revisions"}],"predecessor-version":[{"id":23687,"href":"https:\/\/cortesuprema.gov.co\/corte\/index.php\/wp-json\/wp\/v2\/posts\/20714\/revisions\/23687"}],"wp:attachment":[{"href":"https:\/\/cortesuprema.gov.co\/corte\/index.php\/wp-json\/wp\/v2\/media?parent=20714"}],"wp:term":[{"taxonomy":"category","embeddable":true,"href":"https:\/\/cortesuprema.gov.co\/corte\/index.php\/wp-json\/wp\/v2\/categories?post=20714"},{"taxonomy":"post_tag","embeddable":true,"href":"https:\/\/cortesuprema.gov.co\/corte\/index.php\/wp-json\/wp\/v2\/tags?post=20714"}],"curies":[{"name":"wp","href":"https:\/\/api.w.org\/{rel}","templated":true}]}}