{"id":20979,"date":"2018-10-26T16:11:21","date_gmt":"2018-10-26T21:11:21","guid":{"rendered":"https:\/\/cortesuprema.gov.co\/corte\/?p=20979"},"modified":"2019-06-05T08:39:42","modified_gmt":"2019-06-05T13:39:42","slug":"recurso-de-apelacion-la-competencia-funcional-del-superior-se-excede-cuando-se-ocupa-de-asuntos-ajenos-al-interes-juridico-del-recurrente","status":"publish","type":"post","link":"https:\/\/cortesuprema.gov.co\/corte\/index.php\/2018\/10\/26\/recurso-de-apelacion-la-competencia-funcional-del-superior-se-excede-cuando-se-ocupa-de-asuntos-ajenos-al-interes-juridico-del-recurrente\/","title":{"rendered":"RECURSO DE APELACI\u00d3N &#8211; La competencia funcional del superior se excede cuando se ocupa de asuntos ajenos al inter\u00e9s jur\u00eddico del recurrente"},"content":{"rendered":"<p style=\"text-align: justify;\"><strong>RECURSO DE APELACI\u00d3N &#8211;\u00a0<\/strong><strong><em>La competencia funcional del superior se excede cuando se ocupa de asuntos ajenos al inter\u00e9s jur\u00eddico del recurrente<\/em><\/strong><\/p>\n<ul>\n<li style=\"text-align: justify;\">La Sala consider\u00f3 procedente casar la sentencia impugnada, al advertir que el Juzgador de segunda instancia excedi\u00f3 la competencia funcional propia del recurso de alzada, pues se arrog\u00f3 la atribuci\u00f3n de revisar y revocar la absoluci\u00f3n de uno de los procesados, pese a tratarse de una situaci\u00f3n ajena al inter\u00e9s jur\u00eddico del Fiscal recurrente, que no se encontraba inescindiblemente vinculada al medio de inconformidad. [<span style=\"color: #000000;\"><a style=\"color: #000000;\" href=\"https:\/\/cortesuprema.gov.co\/corte\/wp-content\/uploads\/relatorias\/pe\/b2oct2018\/SP3737-2018(51212).pdf\">SP3737-2018(51212)<\/a>]<\/span><\/li>\n<\/ul>\n<p><!--more--><\/p>\n<hr \/>\n[spiderpowa-pdf src=\u00bbhttps:\/\/cortesuprema.gov.co\/corte\/wp-content\/uploads\/2018\/10\/SP3737-201851212.pdf\u00bb]\n<hr \/>\n<p>Descargue el documento aqu\u00ed:\u00a0<a href=\"https:\/\/cortesuprema.gov.co\/corte\/wp-content\/uploads\/2018\/10\/SP3737-201851212.pdf\" target=\"_blank\" rel=\"noopener noreferrer\">SP3737-2018(51212)<\/a><\/p>\n","protected":false},"excerpt":{"rendered":"<p>RECURSO DE APELACI\u00d3N &#8211;\u00a0La competencia funcional del superior se excede cuando se ocupa de asuntos ajenos al inter\u00e9s jur\u00eddico del recurrente La Sala consider\u00f3 procedente casar la sentencia impugnada, al advertir que el Juzgador de segunda instancia excedi\u00f3 la competencia funcional propia del recurso de alzada, pues se arrog\u00f3 la atribuci\u00f3n de revisar y revocar &hellip; <a href=\"https:\/\/cortesuprema.gov.co\/corte\/index.php\/2018\/10\/26\/recurso-de-apelacion-la-competencia-funcional-del-superior-se-excede-cuando-se-ocupa-de-asuntos-ajenos-al-interes-juridico-del-recurrente\/\" class=\"more-link\">Continuar leyendo<span class=\"screen-reader-text\"> \u00abRECURSO DE APELACI\u00d3N &#8211; La competencia funcional del superior se excede cuando se ocupa de asuntos ajenos al inter\u00e9s jur\u00eddico del recurrente\u00bb<\/span><\/a><\/p>\n","protected":false},"author":12,"featured_media":0,"comment_status":"closed","ping_status":"closed","sticky":false,"template":"","format":"standard","meta":{"footnotes":""},"categories":[68],"tags":[86,227,1010,359,71,1011],"class_list":["post-20979","post","type-post","status-publish","format-standard","hentry","category-novedades","tag-corte-suprema-de-justicia","tag-dr-luis-guillermo-salazar-otero","tag-la-competencia-funcional-del-superior-se-excede-cuando-se-ocupa-de-asuntos-ajenos-al-interes-juridico-del-recurrente","tag-recurso-de-apelacion","tag-sala-penal","tag-sp3737-201851212"],"_links":{"self":[{"href":"https:\/\/cortesuprema.gov.co\/corte\/index.php\/wp-json\/wp\/v2\/posts\/20979","targetHints":{"allow":["GET"]}}],"collection":[{"href":"https:\/\/cortesuprema.gov.co\/corte\/index.php\/wp-json\/wp\/v2\/posts"}],"about":[{"href":"https:\/\/cortesuprema.gov.co\/corte\/index.php\/wp-json\/wp\/v2\/types\/post"}],"author":[{"embeddable":true,"href":"https:\/\/cortesuprema.gov.co\/corte\/index.php\/wp-json\/wp\/v2\/users\/12"}],"replies":[{"embeddable":true,"href":"https:\/\/cortesuprema.gov.co\/corte\/index.php\/wp-json\/wp\/v2\/comments?post=20979"}],"version-history":[{"count":2,"href":"https:\/\/cortesuprema.gov.co\/corte\/index.php\/wp-json\/wp\/v2\/posts\/20979\/revisions"}],"predecessor-version":[{"id":23675,"href":"https:\/\/cortesuprema.gov.co\/corte\/index.php\/wp-json\/wp\/v2\/posts\/20979\/revisions\/23675"}],"wp:attachment":[{"href":"https:\/\/cortesuprema.gov.co\/corte\/index.php\/wp-json\/wp\/v2\/media?parent=20979"}],"wp:term":[{"taxonomy":"category","embeddable":true,"href":"https:\/\/cortesuprema.gov.co\/corte\/index.php\/wp-json\/wp\/v2\/categories?post=20979"},{"taxonomy":"post_tag","embeddable":true,"href":"https:\/\/cortesuprema.gov.co\/corte\/index.php\/wp-json\/wp\/v2\/tags?post=20979"}],"curies":[{"name":"wp","href":"https:\/\/api.w.org\/{rel}","templated":true}]}}