{"id":21297,"date":"2018-11-16T12:27:50","date_gmt":"2018-11-16T17:27:50","guid":{"rendered":"https:\/\/cortesuprema.gov.co\/corte\/?p=21297"},"modified":"2019-06-05T08:39:35","modified_gmt":"2019-06-05T13:39:35","slug":"abuso-de-confianza-para-su-configuracion-requiere-la-realizacion-de-un-acto-externo-de-disposicion-sobre-el-bien-mueble-con-animo-de-incorporarlo-al-patrimonio","status":"publish","type":"post","link":"https:\/\/cortesuprema.gov.co\/corte\/index.php\/2018\/11\/16\/abuso-de-confianza-para-su-configuracion-requiere-la-realizacion-de-un-acto-externo-de-disposicion-sobre-el-bien-mueble-con-animo-de-incorporarlo-al-patrimonio\/","title":{"rendered":"ABUSO DE CONFIANZA &#8211; Para su configuraci\u00f3n requiere la realizaci\u00f3n de un acto externo de disposici\u00f3n sobre el bien mueble con \u00e1nimo de incorporarlo al patrimonio"},"content":{"rendered":"<p style=\"text-align: justify;\">ABUSO DE CONFIANZA &#8211; Para su configuraci\u00f3n requiere la realizaci\u00f3n de un acto externo de disposici\u00f3n sobre el bien mueble con \u00e1nimo de incorporarlo al patrimonio<\/p>\n<ul>\n<li style=\"text-align: justify;\">Para decidir un conflicto de competencias, la Sala se vio precisada a remembrar los par\u00e1metros de configuraci\u00f3n del tipo penal de Abuso de Confianza, especificando que la estructuraci\u00f3n de la conducta requiere que el sujeto activo despliegue un acto externo de disposici\u00f3n del bien mueble con la pretensi\u00f3n de sumarlo a su patrimonio, bajo la connotaci\u00f3n de actuar con \u00e1nimo de se\u00f1or y due\u00f1o. [AP4010-2018(53654)]<\/li>\n<\/ul>\n<p><!--more--><\/p>\n<hr \/>\n[spiderpowa-pdf src=\u00bbhttps:\/\/cortesuprema.gov.co\/corte\/wp-content\/uploads\/2018\/11\/AP4010-201853654.pdf\u00bb]\n<hr \/>\n<p>Descargue el documento aqu\u00ed:\u00a0<a href=\"https:\/\/cortesuprema.gov.co\/corte\/wp-content\/uploads\/2018\/11\/AP4010-201853654.pdf\" target=\"_blank\" rel=\"noopener noreferrer\">AP4010-2018(53654)<\/a><\/p>\n","protected":false},"excerpt":{"rendered":"<p>ABUSO DE CONFIANZA &#8211; Para su configuraci\u00f3n requiere la realizaci\u00f3n de un acto externo de disposici\u00f3n sobre el bien mueble con \u00e1nimo de incorporarlo al patrimonio Para decidir un conflicto de competencias, la Sala se vio precisada a remembrar los par\u00e1metros de configuraci\u00f3n del tipo penal de Abuso de Confianza, especificando que la estructuraci\u00f3n de &hellip; <a href=\"https:\/\/cortesuprema.gov.co\/corte\/index.php\/2018\/11\/16\/abuso-de-confianza-para-su-configuracion-requiere-la-realizacion-de-un-acto-externo-de-disposicion-sobre-el-bien-mueble-con-animo-de-incorporarlo-al-patrimonio\/\" class=\"more-link\">Continuar leyendo<span class=\"screen-reader-text\"> \u00abABUSO DE CONFIANZA &#8211; Para su configuraci\u00f3n requiere la realizaci\u00f3n de un acto externo de disposici\u00f3n sobre el bien mueble con \u00e1nimo de incorporarlo al patrimonio\u00bb<\/span><\/a><\/p>\n","protected":false},"author":12,"featured_media":0,"comment_status":"closed","ping_status":"closed","sticky":false,"template":"","format":"standard","meta":{"footnotes":""},"categories":[68],"tags":[1127,1129,86,222,1128,71],"class_list":["post-21297","post","type-post","status-publish","format-standard","hentry","category-novedades","tag-abuso-de-confianza","tag-ap4010-201853654","tag-corte-suprema-de-justicia","tag-dr-fernando-alberto-castro-caballero","tag-para-su-configuracion-requiere-la-realizacion-de-un-acto-externo-de-disposicion-sobre-el-bien-mueble-con-animo-de-incorporarlo-al-patrimonio","tag-sala-penal"],"_links":{"self":[{"href":"https:\/\/cortesuprema.gov.co\/corte\/index.php\/wp-json\/wp\/v2\/posts\/21297","targetHints":{"allow":["GET"]}}],"collection":[{"href":"https:\/\/cortesuprema.gov.co\/corte\/index.php\/wp-json\/wp\/v2\/posts"}],"about":[{"href":"https:\/\/cortesuprema.gov.co\/corte\/index.php\/wp-json\/wp\/v2\/types\/post"}],"author":[{"embeddable":true,"href":"https:\/\/cortesuprema.gov.co\/corte\/index.php\/wp-json\/wp\/v2\/users\/12"}],"replies":[{"embeddable":true,"href":"https:\/\/cortesuprema.gov.co\/corte\/index.php\/wp-json\/wp\/v2\/comments?post=21297"}],"version-history":[{"count":2,"href":"https:\/\/cortesuprema.gov.co\/corte\/index.php\/wp-json\/wp\/v2\/posts\/21297\/revisions"}],"predecessor-version":[{"id":23647,"href":"https:\/\/cortesuprema.gov.co\/corte\/index.php\/wp-json\/wp\/v2\/posts\/21297\/revisions\/23647"}],"wp:attachment":[{"href":"https:\/\/cortesuprema.gov.co\/corte\/index.php\/wp-json\/wp\/v2\/media?parent=21297"}],"wp:term":[{"taxonomy":"category","embeddable":true,"href":"https:\/\/cortesuprema.gov.co\/corte\/index.php\/wp-json\/wp\/v2\/categories?post=21297"},{"taxonomy":"post_tag","embeddable":true,"href":"https:\/\/cortesuprema.gov.co\/corte\/index.php\/wp-json\/wp\/v2\/tags?post=21297"}],"curies":[{"name":"wp","href":"https:\/\/api.w.org\/{rel}","templated":true}]}}