{"id":21797,"date":"2018-12-19T14:37:19","date_gmt":"2018-12-19T19:37:19","guid":{"rendered":"https:\/\/cortesuprema.gov.co\/corte\/?p=21797"},"modified":"2019-06-05T08:39:28","modified_gmt":"2019-06-05T13:39:28","slug":"peculado-por-apropiacion-sujeto-activo-calificado-los-representantes-legales-y-funcionarios-de-las-cooperativas-conformadas-por-entidades-territoriales-son-servidos-publicos","status":"publish","type":"post","link":"https:\/\/cortesuprema.gov.co\/corte\/index.php\/2018\/12\/19\/peculado-por-apropiacion-sujeto-activo-calificado-los-representantes-legales-y-funcionarios-de-las-cooperativas-conformadas-por-entidades-territoriales-son-servidos-publicos\/","title":{"rendered":"PECULADO POR APROPIACI\u00d3N &#8211; SUJETO ACTIVO CALIFICADO: Los representantes legales y funcionarios de las cooperativas conformadas por entidades territoriales son servidos p\u00fablicos"},"content":{"rendered":"<p><strong>PECULADO POR APROPIACI\u00d3N &#8211; SUJETO ACTIVO CALIFICADO:\u00a0<\/strong><strong><em>Los representantes legales y funcionarios de las cooperativas conformadas por entidades territoriales son servidos p\u00fablicos<\/em><\/strong><\/p>\n<ul>\n<li style=\"text-align: justify;\">En la sentencia que condujo a la determinaci\u00f3n de no casar el fallo impugnado, condenatorio por el delito de <em>peculado por apropiaci\u00f3n<\/em>, la Sala encontr\u00f3 fundamental analizar la condici\u00f3n de sujeto activo calificado de la conducta, particularmente referida a los representantes legales y funcionarios de las cooperativas conformadas por entidades territoriales. <a href=\"https:\/\/cortesuprema.gov.co\/corte\/wp-content\/uploads\/2018\/12\/SP4180-201840527.pdf\" target=\"_blank\" rel=\"noopener noreferrer\">[<\/a><span style=\"color: #000000;\">SP4180-2018(40527)]<a style=\"color: #000000;\" href=\"https:\/\/cortesuprema.gov.co\/corte\/wp-content\/uploads\/relatorias\/pe\/b1dic2018\/SP4180-2018(40527).pdf\">\u00a0<\/a><\/span><\/li>\n<\/ul>\n<p><!--more--><\/p>\n<hr \/>\n[spiderpowa-pdf src=\u00bbhttps:\/\/cortesuprema.gov.co\/corte\/wp-content\/uploads\/2018\/12\/SP4180-201840527.pdf\u00bb]\n<hr \/>\n<p>Descargue el documento aqu\u00ed:\u00a0<a href=\"https:\/\/cortesuprema.gov.co\/corte\/wp-content\/uploads\/2018\/12\/SP4180-201840527.pdf\" target=\"_blank\" rel=\"noopener noreferrer\">SP4180-2018(40527)<\/a><\/p>\n","protected":false},"excerpt":{"rendered":"<p>PECULADO POR APROPIACI\u00d3N &#8211; SUJETO ACTIVO CALIFICADO:\u00a0Los representantes legales y funcionarios de las cooperativas conformadas por entidades territoriales son servidos p\u00fablicos En la sentencia que condujo a la determinaci\u00f3n de no casar el fallo impugnado, condenatorio por el delito de peculado por apropiaci\u00f3n, la Sala encontr\u00f3 fundamental analizar la condici\u00f3n de sujeto activo calificado de &hellip; <a href=\"https:\/\/cortesuprema.gov.co\/corte\/index.php\/2018\/12\/19\/peculado-por-apropiacion-sujeto-activo-calificado-los-representantes-legales-y-funcionarios-de-las-cooperativas-conformadas-por-entidades-territoriales-son-servidos-publicos\/\" class=\"more-link\">Continuar leyendo<span class=\"screen-reader-text\"> \u00abPECULADO POR APROPIACI\u00d3N &#8211; SUJETO ACTIVO CALIFICADO: Los representantes legales y funcionarios de las cooperativas conformadas por entidades territoriales son servidos p\u00fablicos\u00bb<\/span><\/a><\/p>\n","protected":false},"author":12,"featured_media":0,"comment_status":"closed","ping_status":"closed","sticky":false,"template":"","format":"standard","meta":{"footnotes":""},"categories":[68],"tags":[86,227,1209,1207,71,1210,1208],"class_list":["post-21797","post","type-post","status-publish","format-standard","hentry","category-novedades","tag-corte-suprema-de-justicia","tag-dr-luis-guillermo-salazar-otero","tag-los-representantes-legales-y-funcionarios-de-las-cooperativas-conformadas-por-entidades-territoriales-son-servidos-publicos","tag-peculado-por-apropiacion","tag-sala-penal","tag-sp4180-201840527","tag-sujeto-activo-calificado"],"_links":{"self":[{"href":"https:\/\/cortesuprema.gov.co\/corte\/index.php\/wp-json\/wp\/v2\/posts\/21797","targetHints":{"allow":["GET"]}}],"collection":[{"href":"https:\/\/cortesuprema.gov.co\/corte\/index.php\/wp-json\/wp\/v2\/posts"}],"about":[{"href":"https:\/\/cortesuprema.gov.co\/corte\/index.php\/wp-json\/wp\/v2\/types\/post"}],"author":[{"embeddable":true,"href":"https:\/\/cortesuprema.gov.co\/corte\/index.php\/wp-json\/wp\/v2\/users\/12"}],"replies":[{"embeddable":true,"href":"https:\/\/cortesuprema.gov.co\/corte\/index.php\/wp-json\/wp\/v2\/comments?post=21797"}],"version-history":[{"count":2,"href":"https:\/\/cortesuprema.gov.co\/corte\/index.php\/wp-json\/wp\/v2\/posts\/21797\/revisions"}],"predecessor-version":[{"id":23616,"href":"https:\/\/cortesuprema.gov.co\/corte\/index.php\/wp-json\/wp\/v2\/posts\/21797\/revisions\/23616"}],"wp:attachment":[{"href":"https:\/\/cortesuprema.gov.co\/corte\/index.php\/wp-json\/wp\/v2\/media?parent=21797"}],"wp:term":[{"taxonomy":"category","embeddable":true,"href":"https:\/\/cortesuprema.gov.co\/corte\/index.php\/wp-json\/wp\/v2\/categories?post=21797"},{"taxonomy":"post_tag","embeddable":true,"href":"https:\/\/cortesuprema.gov.co\/corte\/index.php\/wp-json\/wp\/v2\/tags?post=21797"}],"curies":[{"name":"wp","href":"https:\/\/api.w.org\/{rel}","templated":true}]}}