{"id":21804,"date":"2018-12-19T14:48:11","date_gmt":"2018-12-19T19:48:11","guid":{"rendered":"https:\/\/cortesuprema.gov.co\/corte\/?p=21804"},"modified":"2019-06-05T08:39:27","modified_gmt":"2019-06-05T13:39:27","slug":"sistema-penal-acusatorio-incidente-de-reparacion-integral-puede-abarcar-el-restablecimiento-del-derecho-de-la-victima","status":"publish","type":"post","link":"https:\/\/cortesuprema.gov.co\/corte\/index.php\/2018\/12\/19\/sistema-penal-acusatorio-incidente-de-reparacion-integral-puede-abarcar-el-restablecimiento-del-derecho-de-la-victima\/","title":{"rendered":"SISTEMA PENAL ACUSATORIO &#8211; INCIDENTE DE REPARACI\u00d3N INTEGRAL: Puede abarcar el restablecimiento del derecho de la v\u00edctima"},"content":{"rendered":"<p><strong>SISTEMA PENAL ACUSATORIO &#8211; INCIDENTE DE REPARACI\u00d3N INTEGRAL &#8211;\u00a0<\/strong><strong><em>Puede abarcar el restablecimiento del derecho de la v\u00edctima<\/em><\/strong><\/p>\n<ul>\n<li style=\"text-align: justify;\">Al inadmitir la demanda de casaci\u00f3n, la Sala abord\u00f3 la naturaleza de la figura jur\u00eddica del <em>restablecimiento del derecho<\/em> y la posibilidad de garantizarla en el <em>incidente de reparaci\u00f3n integral<\/em>, todo ello, teniendo de presente que se trata no s\u00f3lo de una facultad del fallador sino de un deber.<a href=\"https:\/\/cortesuprema.gov.co\/corte\/wp-content\/uploads\/relatorias\/pe\/b1dic2018\/AP3636-2018(53212).pdf\" target=\"_blank\" rel=\"noopener noreferrer\">[<span style=\"color: #000000;\">AP3636-2018(53212)]\u00a0<\/span><\/a><\/li>\n<\/ul>\n<p><!--more--><\/p>\n<hr \/>\n[spiderpowa-pdf src=\u00bbhttps:\/\/cortesuprema.gov.co\/corte\/wp-content\/uploads\/2018\/12\/AP3636-201853212.pdf\u00bb]\n<hr \/>\n<p>Descargue el documento aqu\u00ed:\u00a0<a href=\"https:\/\/cortesuprema.gov.co\/corte\/wp-content\/uploads\/2018\/12\/AP3636-201853212.pdf\" target=\"_blank\" rel=\"noopener noreferrer\">AP3636-2018(53212)<\/a><\/p>\n","protected":false},"excerpt":{"rendered":"<p>SISTEMA PENAL ACUSATORIO &#8211; INCIDENTE DE REPARACI\u00d3N INTEGRAL &#8211;\u00a0Puede abarcar el restablecimiento del derecho de la v\u00edctima Al inadmitir la demanda de casaci\u00f3n, la Sala abord\u00f3 la naturaleza de la figura jur\u00eddica del restablecimiento del derecho y la posibilidad de garantizarla en el incidente de reparaci\u00f3n integral, todo ello, teniendo de presente que se trata &hellip; <a href=\"https:\/\/cortesuprema.gov.co\/corte\/index.php\/2018\/12\/19\/sistema-penal-acusatorio-incidente-de-reparacion-integral-puede-abarcar-el-restablecimiento-del-derecho-de-la-victima\/\" class=\"more-link\">Continuar leyendo<span class=\"screen-reader-text\"> \u00abSISTEMA PENAL ACUSATORIO &#8211; INCIDENTE DE REPARACI\u00d3N INTEGRAL: Puede abarcar el restablecimiento del derecho de la v\u00edctima\u00bb<\/span><\/a><\/p>\n","protected":false},"author":12,"featured_media":0,"comment_status":"closed","ping_status":"closed","sticky":false,"template":"","format":"standard","meta":{"footnotes":""},"categories":[68],"tags":[1215,86,97,280,1214,71,170],"class_list":["post-21804","post","type-post","status-publish","format-standard","hentry","category-novedades","tag-ap3636-201853212","tag-corte-suprema-de-justicia","tag-dr-jose-luis-barcelo-camacho","tag-incidente-de-reparacion-integral","tag-puede-abarcar-el-restablecimiento-del-derecho-de-la-victima","tag-sala-penal","tag-sistema-penal-acusatorio"],"_links":{"self":[{"href":"https:\/\/cortesuprema.gov.co\/corte\/index.php\/wp-json\/wp\/v2\/posts\/21804","targetHints":{"allow":["GET"]}}],"collection":[{"href":"https:\/\/cortesuprema.gov.co\/corte\/index.php\/wp-json\/wp\/v2\/posts"}],"about":[{"href":"https:\/\/cortesuprema.gov.co\/corte\/index.php\/wp-json\/wp\/v2\/types\/post"}],"author":[{"embeddable":true,"href":"https:\/\/cortesuprema.gov.co\/corte\/index.php\/wp-json\/wp\/v2\/users\/12"}],"replies":[{"embeddable":true,"href":"https:\/\/cortesuprema.gov.co\/corte\/index.php\/wp-json\/wp\/v2\/comments?post=21804"}],"version-history":[{"count":2,"href":"https:\/\/cortesuprema.gov.co\/corte\/index.php\/wp-json\/wp\/v2\/posts\/21804\/revisions"}],"predecessor-version":[{"id":23614,"href":"https:\/\/cortesuprema.gov.co\/corte\/index.php\/wp-json\/wp\/v2\/posts\/21804\/revisions\/23614"}],"wp:attachment":[{"href":"https:\/\/cortesuprema.gov.co\/corte\/index.php\/wp-json\/wp\/v2\/media?parent=21804"}],"wp:term":[{"taxonomy":"category","embeddable":true,"href":"https:\/\/cortesuprema.gov.co\/corte\/index.php\/wp-json\/wp\/v2\/categories?post=21804"},{"taxonomy":"post_tag","embeddable":true,"href":"https:\/\/cortesuprema.gov.co\/corte\/index.php\/wp-json\/wp\/v2\/tags?post=21804"}],"curies":[{"name":"wp","href":"https:\/\/api.w.org\/{rel}","templated":true}]}}