{"id":22103,"date":"2019-02-01T09:43:34","date_gmt":"2019-02-01T14:43:34","guid":{"rendered":"https:\/\/cortesuprema.gov.co\/corte\/?p=22103"},"modified":"2019-06-05T08:39:24","modified_gmt":"2019-06-05T13:39:24","slug":"aceptacion-o-allanamiento-a-cargos","status":"publish","type":"post","link":"https:\/\/cortesuprema.gov.co\/corte\/index.php\/2019\/02\/01\/aceptacion-o-allanamiento-a-cargos\/","title":{"rendered":"ACEPTACI\u00d3N O ALLANAMIENTO A CARGOS"},"content":{"rendered":"<p>ACEPTACI\u00d3N O ALLANAMIENTO A CARGOS<\/p>\n<ul>\n<li style=\"text-align: justify;\">Posibilidad excepcional de variar la calificaci\u00f3n jur\u00eddica en la sentencia, manteniendo el alcance de la aceptaci\u00f3n de responsabilidad. [SP2706-2018(48251)]<\/li>\n<\/ul>\n<p><!--more--><\/p>\n<hr \/>\n[spiderpowa-pdf src=\u00bbhttps:\/\/cortesuprema.gov.co\/corte\/wp-content\/uploads\/2019\/02\/SP2706-201848251.pdf\u00bb]\n<hr \/>\n<p>Descargue el documento aqu\u00ed:\u00a0<a href=\"https:\/\/cortesuprema.gov.co\/corte\/wp-content\/uploads\/2019\/02\/SP2706-201848251.pdf\" target=\"_blank\" rel=\"noopener noreferrer\">SP2706-2018(48251)<\/a><\/p>\n","protected":false},"excerpt":{"rendered":"<p>ACEPTACI\u00d3N O ALLANAMIENTO A CARGOS Posibilidad excepcional de variar la calificaci\u00f3n jur\u00eddica en la sentencia, manteniendo el alcance de la aceptaci\u00f3n de responsabilidad. [SP2706-2018(48251)]<\/p>\n","protected":false},"author":12,"featured_media":0,"comment_status":"closed","ping_status":"closed","sticky":false,"template":"","format":"standard","meta":{"footnotes":""},"categories":[68],"tags":[1267,86,97,71,1268],"class_list":["post-22103","post","type-post","status-publish","format-standard","hentry","category-novedades","tag-aceptacion-o-allanamiento-a-cargos","tag-corte-suprema-de-justicia","tag-dr-jose-luis-barcelo-camacho","tag-sala-penal","tag-sp2706-201848251"],"_links":{"self":[{"href":"https:\/\/cortesuprema.gov.co\/corte\/index.php\/wp-json\/wp\/v2\/posts\/22103","targetHints":{"allow":["GET"]}}],"collection":[{"href":"https:\/\/cortesuprema.gov.co\/corte\/index.php\/wp-json\/wp\/v2\/posts"}],"about":[{"href":"https:\/\/cortesuprema.gov.co\/corte\/index.php\/wp-json\/wp\/v2\/types\/post"}],"author":[{"embeddable":true,"href":"https:\/\/cortesuprema.gov.co\/corte\/index.php\/wp-json\/wp\/v2\/users\/12"}],"replies":[{"embeddable":true,"href":"https:\/\/cortesuprema.gov.co\/corte\/index.php\/wp-json\/wp\/v2\/comments?post=22103"}],"version-history":[{"count":2,"href":"https:\/\/cortesuprema.gov.co\/corte\/index.php\/wp-json\/wp\/v2\/posts\/22103\/revisions"}],"predecessor-version":[{"id":23598,"href":"https:\/\/cortesuprema.gov.co\/corte\/index.php\/wp-json\/wp\/v2\/posts\/22103\/revisions\/23598"}],"wp:attachment":[{"href":"https:\/\/cortesuprema.gov.co\/corte\/index.php\/wp-json\/wp\/v2\/media?parent=22103"}],"wp:term":[{"taxonomy":"category","embeddable":true,"href":"https:\/\/cortesuprema.gov.co\/corte\/index.php\/wp-json\/wp\/v2\/categories?post=22103"},{"taxonomy":"post_tag","embeddable":true,"href":"https:\/\/cortesuprema.gov.co\/corte\/index.php\/wp-json\/wp\/v2\/tags?post=22103"}],"curies":[{"name":"wp","href":"https:\/\/api.w.org\/{rel}","templated":true}]}}