{"id":22176,"date":"2019-02-08T08:08:54","date_gmt":"2019-02-08T13:08:54","guid":{"rendered":"https:\/\/cortesuprema.gov.co\/corte\/?p=22176"},"modified":"2019-06-05T08:54:11","modified_gmt":"2019-06-05T13:54:11","slug":"derecho-de-las-mujeres-a-una-vida-libre-de-violencia","status":"publish","type":"post","link":"https:\/\/cortesuprema.gov.co\/corte\/index.php\/2019\/02\/08\/derecho-de-las-mujeres-a-una-vida-libre-de-violencia\/","title":{"rendered":"DERECHO DE LAS MUJERES A UNA VIDA LIBRE DE VIOLENCIA"},"content":{"rendered":"<p>Violencia de g\u00e9nero &#8211; Violencia contra la mujer:<\/p>\n<ul>\n<li style=\"text-align: justify;\">Responsabilidad del Estado, la familia, los establecimientos educativos, los medios de comunicaci\u00f3n y dem\u00e1s actores sociales de restarle al maltrato dom\u00e9stico el car\u00e1cter de normalidad atribuido hist\u00f3ricamente y derruir los estereotipos sobre las mujeres (STC16182-2018)<\/li>\n<\/ul>\n<p><!--more--><\/p>\n<hr \/>\n[spiderpowa-pdf src=\u00bbhttps:\/\/cortesuprema.gov.co\/corte\/wp-content\/uploads\/novejuri\/tutela\/STC16182-2018.pdf\u00bb]\n<hr \/>\n<p>Descargue el documento aqu\u00ed: <a href=\"https:\/\/cortesuprema.gov.co\/corte\/wp-content\/uploads\/novejuri\/tutela\/STC16182-2018.pdf\" target=\"_blank\" rel=\"noopener noreferrer\">STC16182-2018<\/a><\/p>\n","protected":false},"excerpt":{"rendered":"<p>Violencia de g\u00e9nero &#8211; Violencia contra la mujer: Responsabilidad del Estado, la familia, los establecimientos educativos, los medios de comunicaci\u00f3n y dem\u00e1s actores sociales de restarle al maltrato dom\u00e9stico el car\u00e1cter de normalidad atribuido hist\u00f3ricamente y derruir los estereotipos sobre las mujeres (STC16182-2018)<\/p>\n","protected":false},"author":3,"featured_media":0,"comment_status":"closed","ping_status":"closed","sticky":false,"template":"","format":"standard","meta":{"footnotes":""},"categories":[68],"tags":[263,1275,1274],"class_list":["post-22176","post","type-post","status-publish","format-standard","hentry","category-novedades","tag-relatoria-de-tutelas","tag-violencia-contra-la-mujer","tag-violencia-de-genero"],"_links":{"self":[{"href":"https:\/\/cortesuprema.gov.co\/corte\/index.php\/wp-json\/wp\/v2\/posts\/22176","targetHints":{"allow":["GET"]}}],"collection":[{"href":"https:\/\/cortesuprema.gov.co\/corte\/index.php\/wp-json\/wp\/v2\/posts"}],"about":[{"href":"https:\/\/cortesuprema.gov.co\/corte\/index.php\/wp-json\/wp\/v2\/types\/post"}],"author":[{"embeddable":true,"href":"https:\/\/cortesuprema.gov.co\/corte\/index.php\/wp-json\/wp\/v2\/users\/3"}],"replies":[{"embeddable":true,"href":"https:\/\/cortesuprema.gov.co\/corte\/index.php\/wp-json\/wp\/v2\/comments?post=22176"}],"version-history":[{"count":2,"href":"https:\/\/cortesuprema.gov.co\/corte\/index.php\/wp-json\/wp\/v2\/posts\/22176\/revisions"}],"predecessor-version":[{"id":23594,"href":"https:\/\/cortesuprema.gov.co\/corte\/index.php\/wp-json\/wp\/v2\/posts\/22176\/revisions\/23594"}],"wp:attachment":[{"href":"https:\/\/cortesuprema.gov.co\/corte\/index.php\/wp-json\/wp\/v2\/media?parent=22176"}],"wp:term":[{"taxonomy":"category","embeddable":true,"href":"https:\/\/cortesuprema.gov.co\/corte\/index.php\/wp-json\/wp\/v2\/categories?post=22176"},{"taxonomy":"post_tag","embeddable":true,"href":"https:\/\/cortesuprema.gov.co\/corte\/index.php\/wp-json\/wp\/v2\/tags?post=22176"}],"curies":[{"name":"wp","href":"https:\/\/api.w.org\/{rel}","templated":true}]}}