{"id":23017,"date":"2019-04-22T10:35:06","date_gmt":"2019-04-22T15:35:06","guid":{"rendered":"https:\/\/cortesuprema.gov.co\/corte\/?p=23017"},"modified":"2019-06-05T08:54:09","modified_gmt":"2019-06-05T13:54:09","slug":"violencia-intrafamiliar-2","status":"publish","type":"post","link":"https:\/\/cortesuprema.gov.co\/corte\/index.php\/2019\/04\/22\/violencia-intrafamiliar-2\/","title":{"rendered":"VIOLENCIA INTRAFAMILIAR"},"content":{"rendered":"<p><strong>VIOLENCIA INTRAFAMILIAR<\/strong><\/p>\n<ul>\n<li style=\"text-align: justify;\"><strong>\u00a0<em>Factores objetivos de ponderaci\u00f3n para el an\u00e1lisis l\u00f3gico de la situaci\u00f3n en cada caso. [SP964-2019(46935)]<\/em><\/strong><\/li>\n<\/ul>\n<p><!--more--><\/p>\n<hr \/>\n[spiderpowa-pdf src=\u00bbhttps:\/\/cortesuprema.gov.co\/corte\/wp-content\/uploads\/relatorias\/pe\/b1abr2019\/SP964-2019(46935).PDF\u00bb]\n<hr \/>\n<p>Descargue el documento aqu\u00ed: <a href=\"https:\/\/cortesuprema.gov.co\/corte\/wp-content\/uploads\/relatorias\/pe\/b1abr2019\/SP964-2019(46935).PDF\" target=\"_blank\" rel=\"noopener noreferrer\">SP964-2019(46935).PDF<\/a><\/p>\n","protected":false},"excerpt":{"rendered":"<p>VIOLENCIA INTRAFAMILIAR \u00a0Factores objetivos de ponderaci\u00f3n para el an\u00e1lisis l\u00f3gico de la situaci\u00f3n en cada caso. [SP964-2019(46935)]<\/p>\n","protected":false},"author":3,"featured_media":0,"comment_status":"closed","ping_status":"closed","sticky":false,"template":"","format":"standard","meta":{"footnotes":""},"categories":[68],"tags":[86,216,71,1295,312],"class_list":["post-23017","post","type-post","status-publish","format-standard","hentry","category-novedades","tag-corte-suprema-de-justicia","tag-dr-eugenio-fernandez-carlier","tag-sala-penal","tag-sp964-201946935","tag-violencia-intrafamiliar"],"_links":{"self":[{"href":"https:\/\/cortesuprema.gov.co\/corte\/index.php\/wp-json\/wp\/v2\/posts\/23017","targetHints":{"allow":["GET"]}}],"collection":[{"href":"https:\/\/cortesuprema.gov.co\/corte\/index.php\/wp-json\/wp\/v2\/posts"}],"about":[{"href":"https:\/\/cortesuprema.gov.co\/corte\/index.php\/wp-json\/wp\/v2\/types\/post"}],"author":[{"embeddable":true,"href":"https:\/\/cortesuprema.gov.co\/corte\/index.php\/wp-json\/wp\/v2\/users\/3"}],"replies":[{"embeddable":true,"href":"https:\/\/cortesuprema.gov.co\/corte\/index.php\/wp-json\/wp\/v2\/comments?post=23017"}],"version-history":[{"count":1,"href":"https:\/\/cortesuprema.gov.co\/corte\/index.php\/wp-json\/wp\/v2\/posts\/23017\/revisions"}],"predecessor-version":[{"id":23018,"href":"https:\/\/cortesuprema.gov.co\/corte\/index.php\/wp-json\/wp\/v2\/posts\/23017\/revisions\/23018"}],"wp:attachment":[{"href":"https:\/\/cortesuprema.gov.co\/corte\/index.php\/wp-json\/wp\/v2\/media?parent=23017"}],"wp:term":[{"taxonomy":"category","embeddable":true,"href":"https:\/\/cortesuprema.gov.co\/corte\/index.php\/wp-json\/wp\/v2\/categories?post=23017"},{"taxonomy":"post_tag","embeddable":true,"href":"https:\/\/cortesuprema.gov.co\/corte\/index.php\/wp-json\/wp\/v2\/tags?post=23017"}],"curies":[{"name":"wp","href":"https:\/\/api.w.org\/{rel}","templated":true}]}}