{"id":25279,"date":"2019-07-16T10:31:49","date_gmt":"2019-07-16T15:31:49","guid":{"rendered":"https:\/\/cortesuprema.gov.co\/corte\/?p=25279"},"modified":"2019-07-16T10:31:49","modified_gmt":"2019-07-16T15:31:49","slug":"error-comun-creador-de-derecho-diccionario-jurisprudencial-sala-de-casacion-civil","status":"publish","type":"post","link":"https:\/\/cortesuprema.gov.co\/corte\/index.php\/2019\/07\/16\/error-comun-creador-de-derecho-diccionario-jurisprudencial-sala-de-casacion-civil\/","title":{"rendered":"Error com\u00fan creador de derecho-Diccionario jurisprudencial-Sala de Casaci\u00f3n Civil"},"content":{"rendered":"<p style=\"text-align: justify;\"><img decoding=\"async\" class=\" aligncenter\" src=\"https:\/\/attachment.outlook.office.net\/owa\/relatoriacivil@cortesuprema.ramajudicial.gov.co\/service.svc\/s\/GetFileAttachment?id=AAMkADlhNjY1YjBlLTUwNjgtNDEwZS04NDViLTIzNTk3MTExMGEwYwBGAAAAAABFzGdL%2BQszQKPl1sTAuUWWBwABK8oQxId9TIolL3yn%2FEFyAAAAuE%2BmAABZdc%2BSfb71TY7gEDyXPUF8AAAg%2BX7RAAABEgAQAIuwtspY15VAmh7dEYg2Opk%3D&amp;X-OWA-CANARY=YpPohHCqo0SehR4CEhqFm3A0ll4s9tUYbfvqK1P7tML1lQdpPL2OjlzGnsCPW2h0HMhlbu3gt2M.&amp;token=eyJhbGciOiJSUzI1NiIsImtpZCI6IjA2MDBGOUY2NzQ2MjA3MzdFNzM0MDRFMjg3QzQ1QTgxOENCN0NFQjgiLCJ4NXQiOiJCZ0Q1OW5SaUJ6Zm5OQVRpaDhSYWdZeTN6cmciLCJ0eXAiOiJKV1QifQ.eyJ2ZXIiOiJFeGNoYW5nZS5DYWxsYmFjay5WMSIsImFwcGN0eHNlbmRlciI6Ik93YURvd25sb2FkQDYyMmNiYTk4LTgwZjgtNDFmMy04ZGY1LThlYjk5OTAxNTk4YiIsImFwcGN0eCI6IntcIm1zZXhjaHByb3RcIjpcIm93YVwiLFwicHJpbWFyeXNpZFwiOlwiUy0xLTUtMjEtMTg1OTk2NDkwNC0zMjUxNjg4ODgxLTE0ODg4NDU0ODgtNDk5MTU2MlwiLFwicHVpZFwiOlwiMTE1Mzk3NzAyNTE4MzIxNzUzM1wiLFwib2lkXCI6XCIxYTMxOTdhNy02YTliLTQ2N2YtOTkzYS05OWFmOTgzN2ExNjlcIixcInNjb3BlXCI6XCJPd2FEb3dubG9hZFwifSIsIm5iZiI6MTUzMjk2MjQxMSwiZXhwIjoxNTMyOTYzMDExLCJpc3MiOiIwMDAwMDAwMi0wMDAwLTBmZjEtY2UwMC0wMDAwMDAwMDAwMDBANjIyY2JhOTgtODBmOC00MWYzLThkZjUtOGViOTk5MDE1OThiIiwiYXVkIjoiMDAwMDAwMDItMDAwMC0wZmYxLWNlMDAtMDAwMDAwMDAwMDAwL2F0dGFjaG1lbnQub3V0bG9vay5vZmZpY2UubmV0QDYyMmNiYTk4LTgwZjgtNDFmMy04ZGY1LThlYjk5OTAxNTk4YiJ9.bz51Toh49uqiHcowwiEersyQAfY5PSvepJrCgpognCDDofAs-N4o2IQ8ESFNA8WjzDGPDm6lR_51r6F-fq6oBsPufyOffVWthDnrX8fGuKOROAExfymXiFr8-ptMpunIJbe7zxerFOzNwPRMbEHCikrCpoPzHl8IF9CCuvRchp4F-HP_vIpA4auGNji6XgTunwh2zQEYdAIbITZH2ndRX2KGiUKavJ7tT5IFPETyKPr2P_K0SaRggyGSfKAZowf8BDp_CyTMUdmdIucPLQgTKkb8hiHkxCnXFFWpNWkhiq7nSvHEJire9dQbNhcacx2P4lAMA3EkklAUQAx9b-apiQ&amp;owa=outlook.office.com&amp;isImagePreview=True\" alt=\"cid:image001.png@01D42580.D79CB500\" \/><\/p>\n<p style=\"text-align: justify;\">An\u00e1lisis del\u00a0\u00a0t\u00e9rmino \u00abError com\u00fan creador de derecho\u00bb en la <a href=\"https:\/\/cortesuprema.gov.co\/corte\/wp-content\/uploads\/2018\/12\/S-27071945.pdf\">Sentencia SC de 27 de julio de 1945, GJ LIX, p\u00e1g. 392<\/a>:<\/p>\n<h4 style=\"text-align: center;\"><!--more--><\/h4>\n<h4 style=\"text-align: center;\">\u201cLa m\u00e1xima ERROR COMMUNIS FACIT IUS requiere indispensablemente y con exigente calificaci\u00f3n probatoria, que se demuestre la existencia de un error com\u00fan o colectivo, que sea excusable e invencible y limpio de toda culpa y en el cual se haya incurrido con perfecta buena fe. Faltando algunos de estos elementos jur\u00eddicamente esenciales, el error no puede ser fuente de derecho contra la ley y la buena fe no puede ser simplemente alegada como motivos suficiente para justificar su contravenci\u00f3n\u201d.<br \/>\n<!--more--><\/h4>\n<p style=\"text-align: justify;\">Descarga aqu\u00ed <a href=\"https:\/\/cortesuprema.gov.co\/corte\/wp-content\/uploads\/2018\/12\/S-27071945.pdf\" target=\"_blank\" rel=\"noopener noreferrer\">Sentencia de 27 de julio de 1945.<\/a><\/p>\n[spiderpowa-pdf src=\u00bbhttps:\/\/cortesuprema.gov.co\/corte\/wp-content\/uploads\/2018\/12\/S-27071945.pdf\u00bb]\n<hr \/>\n<p>Descarga aqu\u00ed <a href=\"https:\/\/cortesuprema.gov.co\/corte\/wp-content\/uploads\/2018\/12\/S-27071945.pdf\" target=\"_blank\" rel=\"noopener noreferrer\">Sentencia de 27 de julio de 1945<\/a>.<\/p>\n","protected":false},"excerpt":{"rendered":"<p>An\u00e1lisis del\u00a0\u00a0t\u00e9rmino \u00abError com\u00fan creador de derecho\u00bb en la Sentencia SC de 27 de julio de 1945, GJ LIX, p\u00e1g. 392:<\/p>\n","protected":false},"author":3,"featured_media":0,"comment_status":"closed","ping_status":"closed","sticky":false,"template":"","format":"standard","meta":{"footnotes":""},"categories":[68],"tags":[1244,1444,1442,1443,1440,249,1441],"class_list":["post-25279","post","type-post","status-publish","format-standard","hentry","category-novedades","tag-diccionario-jurisprudencial","tag-dr-hernan-salamanca","tag-error-communis-facit-ius","tag-error-comun-creador-de-derecho","tag-gaceta-judicial-lix","tag-sala-civil","tag-sentencia-de-27-de-julio-de-1945"],"_links":{"self":[{"href":"https:\/\/cortesuprema.gov.co\/corte\/index.php\/wp-json\/wp\/v2\/posts\/25279","targetHints":{"allow":["GET"]}}],"collection":[{"href":"https:\/\/cortesuprema.gov.co\/corte\/index.php\/wp-json\/wp\/v2\/posts"}],"about":[{"href":"https:\/\/cortesuprema.gov.co\/corte\/index.php\/wp-json\/wp\/v2\/types\/post"}],"author":[{"embeddable":true,"href":"https:\/\/cortesuprema.gov.co\/corte\/index.php\/wp-json\/wp\/v2\/users\/3"}],"replies":[{"embeddable":true,"href":"https:\/\/cortesuprema.gov.co\/corte\/index.php\/wp-json\/wp\/v2\/comments?post=25279"}],"version-history":[{"count":1,"href":"https:\/\/cortesuprema.gov.co\/corte\/index.php\/wp-json\/wp\/v2\/posts\/25279\/revisions"}],"predecessor-version":[{"id":25280,"href":"https:\/\/cortesuprema.gov.co\/corte\/index.php\/wp-json\/wp\/v2\/posts\/25279\/revisions\/25280"}],"wp:attachment":[{"href":"https:\/\/cortesuprema.gov.co\/corte\/index.php\/wp-json\/wp\/v2\/media?parent=25279"}],"wp:term":[{"taxonomy":"category","embeddable":true,"href":"https:\/\/cortesuprema.gov.co\/corte\/index.php\/wp-json\/wp\/v2\/categories?post=25279"},{"taxonomy":"post_tag","embeddable":true,"href":"https:\/\/cortesuprema.gov.co\/corte\/index.php\/wp-json\/wp\/v2\/tags?post=25279"}],"curies":[{"name":"wp","href":"https:\/\/api.w.org\/{rel}","templated":true}]}}