{"id":25310,"date":"2019-07-16T12:35:45","date_gmt":"2019-07-16T17:35:45","guid":{"rendered":"https:\/\/cortesuprema.gov.co\/corte\/?p=25310"},"modified":"2019-07-16T12:35:45","modified_gmt":"2019-07-16T17:35:45","slug":"pasajero-lesionado-reclama-perjuicios-por-accidente-de-transito-sala-de-casacion-civil","status":"publish","type":"post","link":"https:\/\/cortesuprema.gov.co\/corte\/index.php\/2019\/07\/16\/pasajero-lesionado-reclama-perjuicios-por-accidente-de-transito-sala-de-casacion-civil\/","title":{"rendered":"Pasajero lesionado reclama perjuicios por accidente de tr\u00e1nsito-Sala de Casaci\u00f3n Civil"},"content":{"rendered":"<p style=\"text-align: justify;\"><img decoding=\"async\" class=\" aligncenter\" src=\"https:\/\/attachment.outlook.office.net\/owa\/relatoriacivil@cortesuprema.ramajudicial.gov.co\/service.svc\/s\/GetFileAttachment?id=AAMkADlhNjY1YjBlLTUwNjgtNDEwZS04NDViLTIzNTk3MTExMGEwYwBGAAAAAABFzGdL%2BQszQKPl1sTAuUWWBwABK8oQxId9TIolL3yn%2FEFyAAAAuE%2BmAABZdc%2BSfb71TY7gEDyXPUF8AAAg%2BX7RAAABEgAQAIuwtspY15VAmh7dEYg2Opk%3D&amp;X-OWA-CANARY=YpPohHCqo0SehR4CEhqFm3A0ll4s9tUYbfvqK1P7tML1lQdpPL2OjlzGnsCPW2h0HMhlbu3gt2M.&amp;token=eyJhbGciOiJSUzI1NiIsImtpZCI6IjA2MDBGOUY2NzQ2MjA3MzdFNzM0MDRFMjg3QzQ1QTgxOENCN0NFQjgiLCJ4NXQiOiJCZ0Q1OW5SaUJ6Zm5OQVRpaDhSYWdZeTN6cmciLCJ0eXAiOiJKV1QifQ.eyJ2ZXIiOiJFeGNoYW5nZS5DYWxsYmFjay5WMSIsImFwcGN0eHNlbmRlciI6Ik93YURvd25sb2FkQDYyMmNiYTk4LTgwZjgtNDFmMy04ZGY1LThlYjk5OTAxNTk4YiIsImFwcGN0eCI6IntcIm1zZXhjaHByb3RcIjpcIm93YVwiLFwicHJpbWFyeXNpZFwiOlwiUy0xLTUtMjEtMTg1OTk2NDkwNC0zMjUxNjg4ODgxLTE0ODg4NDU0ODgtNDk5MTU2MlwiLFwicHVpZFwiOlwiMTE1Mzk3NzAyNTE4MzIxNzUzM1wiLFwib2lkXCI6XCIxYTMxOTdhNy02YTliLTQ2N2YtOTkzYS05OWFmOTgzN2ExNjlcIixcInNjb3BlXCI6XCJPd2FEb3dubG9hZFwifSIsIm5iZiI6MTUzMjk2MjQxMSwiZXhwIjoxNTMyOTYzMDExLCJpc3MiOiIwMDAwMDAwMi0wMDAwLTBmZjEtY2UwMC0wMDAwMDAwMDAwMDBANjIyY2JhOTgtODBmOC00MWYzLThkZjUtOGViOTk5MDE1OThiIiwiYXVkIjoiMDAwMDAwMDItMDAwMC0wZmYxLWNlMDAtMDAwMDAwMDAwMDAwL2F0dGFjaG1lbnQub3V0bG9vay5vZmZpY2UubmV0QDYyMmNiYTk4LTgwZjgtNDFmMy04ZGY1LThlYjk5OTAxNTk4YiJ9.bz51Toh49uqiHcowwiEersyQAfY5PSvepJrCgpognCDDofAs-N4o2IQ8ESFNA8WjzDGPDm6lR_51r6F-fq6oBsPufyOffVWthDnrX8fGuKOROAExfymXiFr8-ptMpunIJbe7zxerFOzNwPRMbEHCikrCpoPzHl8IF9CCuvRchp4F-HP_vIpA4auGNji6XgTunwh2zQEYdAIbITZH2ndRX2KGiUKavJ7tT5IFPETyKPr2P_K0SaRggyGSfKAZowf8BDp_CyTMUdmdIucPLQgTKkb8hiHkxCnXFFWpNWkhiq7nSvHEJire9dQbNhcacx2P4lAMA3EkklAUQAx9b-apiQ&amp;owa=outlook.office.com&amp;isImagePreview=True\" alt=\"cid:image001.png@01D42580.D79CB500\" \/><\/p>\n<p class=\"x_MsoNormal\">Pasajero lesionado reclama perjuicios por accidente de tr\u00e1nsito. An\u00e1lisis de la carga probatoria de lucro cesante y da\u00f1o a la vida de relaci\u00f3n de la v\u00edctima. <a href=\"https:\/\/cortesuprema.gov.co\/corte\/wp-content\/uploads\/2019\/01\/SC5340-2018-2003-00833-01.pdf\">SC5340-2018<\/a><\/p>\n<p style=\"text-align: justify;\"><!--more--><\/p>\n<p style=\"text-align: justify;\">Descarga aqu\u00ed <a href=\"https:\/\/cortesuprema.gov.co\/corte\/wp-content\/uploads\/2019\/01\/SC5340-2018-2003-00833-01.pdf\">SC5340-2018<\/a><\/p>\n[spiderpowa-pdf src=\u00bbhttps:\/\/cortesuprema.gov.co\/corte\/wp-content\/uploads\/2019\/01\/SC5340-2018-2003-00833-01.pdf\u00bb]\n<hr \/>\n<p>Descarga aqu\u00ed <a href=\"https:\/\/cortesuprema.gov.co\/corte\/wp-content\/uploads\/2019\/01\/SC5340-2018-2003-00833-01.pdf\">SC5340-2018<\/a><\/p>\n","protected":false},"excerpt":{"rendered":"<p>Pasajero lesionado reclama perjuicios por accidente de tr\u00e1nsito. An\u00e1lisis de la carga probatoria de lucro cesante y da\u00f1o a la vida de relaci\u00f3n de la v\u00edctima. SC5340-2018<\/p>\n","protected":false},"author":3,"featured_media":0,"comment_status":"closed","ping_status":"closed","sticky":false,"template":"","format":"standard","meta":{"footnotes":""},"categories":[68],"tags":[652,1082,1512,667,879,1321,1489,1511,753,249,1510,1513],"class_list":["post-25310","post","type-post","status-publish","format-standard","hentry","category-novedades","tag-accidente-de-transito","tag-carga-probatoria","tag-dano-a-la-vida-de-relacion","tag-dr-aroldo-wilson-quiroz-molsalvo","tag-lesiones","tag-lucro-cesante","tag-no-casa","tag-pasajero","tag-recurso-de-casacion","tag-sala-civil","tag-sc5340-2018","tag-victima"],"_links":{"self":[{"href":"https:\/\/cortesuprema.gov.co\/corte\/index.php\/wp-json\/wp\/v2\/posts\/25310","targetHints":{"allow":["GET"]}}],"collection":[{"href":"https:\/\/cortesuprema.gov.co\/corte\/index.php\/wp-json\/wp\/v2\/posts"}],"about":[{"href":"https:\/\/cortesuprema.gov.co\/corte\/index.php\/wp-json\/wp\/v2\/types\/post"}],"author":[{"embeddable":true,"href":"https:\/\/cortesuprema.gov.co\/corte\/index.php\/wp-json\/wp\/v2\/users\/3"}],"replies":[{"embeddable":true,"href":"https:\/\/cortesuprema.gov.co\/corte\/index.php\/wp-json\/wp\/v2\/comments?post=25310"}],"version-history":[{"count":1,"href":"https:\/\/cortesuprema.gov.co\/corte\/index.php\/wp-json\/wp\/v2\/posts\/25310\/revisions"}],"predecessor-version":[{"id":25314,"href":"https:\/\/cortesuprema.gov.co\/corte\/index.php\/wp-json\/wp\/v2\/posts\/25310\/revisions\/25314"}],"wp:attachment":[{"href":"https:\/\/cortesuprema.gov.co\/corte\/index.php\/wp-json\/wp\/v2\/media?parent=25310"}],"wp:term":[{"taxonomy":"category","embeddable":true,"href":"https:\/\/cortesuprema.gov.co\/corte\/index.php\/wp-json\/wp\/v2\/categories?post=25310"},{"taxonomy":"post_tag","embeddable":true,"href":"https:\/\/cortesuprema.gov.co\/corte\/index.php\/wp-json\/wp\/v2\/tags?post=25310"}],"curies":[{"name":"wp","href":"https:\/\/api.w.org\/{rel}","templated":true}]}}