{"id":27036,"date":"2019-10-11T15:02:07","date_gmt":"2019-10-11T20:02:07","guid":{"rendered":"https:\/\/cortesuprema.gov.co\/corte\/?p=27036"},"modified":"2019-10-11T15:02:07","modified_gmt":"2019-10-11T20:02:07","slug":"liquidador-de-sociedad-demanda-a-empresa-matriz-en-accion-de-responsabilidad-subsidiaria-sala-de-casacion-civil","status":"publish","type":"post","link":"https:\/\/cortesuprema.gov.co\/corte\/index.php\/2019\/10\/11\/liquidador-de-sociedad-demanda-a-empresa-matriz-en-accion-de-responsabilidad-subsidiaria-sala-de-casacion-civil\/","title":{"rendered":"Liquidador de sociedad demanda a empresa matriz en acci\u00f3n de responsabilidad subsidiaria-Sala de Casaci\u00f3n Civil"},"content":{"rendered":"<p style=\"text-align: justify;\"><img decoding=\"async\" class=\" aligncenter\" src=\"https:\/\/attachment.outlook.office.net\/owa\/relatoriacivil@cortesuprema.ramajudicial.gov.co\/service.svc\/s\/GetFileAttachment?id=AAMkADlhNjY1YjBlLTUwNjgtNDEwZS04NDViLTIzNTk3MTExMGEwYwBGAAAAAABFzGdL%2BQszQKPl1sTAuUWWBwABK8oQxId9TIolL3yn%2FEFyAAAAuE%2BmAABZdc%2BSfb71TY7gEDyXPUF8AAAg%2BX7RAAABEgAQAIuwtspY15VAmh7dEYg2Opk%3D&amp;X-OWA-CANARY=YpPohHCqo0SehR4CEhqFm3A0ll4s9tUYbfvqK1P7tML1lQdpPL2OjlzGnsCPW2h0HMhlbu3gt2M.&amp;token=eyJhbGciOiJSUzI1NiIsImtpZCI6IjA2MDBGOUY2NzQ2MjA3MzdFNzM0MDRFMjg3QzQ1QTgxOENCN0NFQjgiLCJ4NXQiOiJCZ0Q1OW5SaUJ6Zm5OQVRpaDhSYWdZeTN6cmciLCJ0eXAiOiJKV1QifQ.eyJ2ZXIiOiJFeGNoYW5nZS5DYWxsYmFjay5WMSIsImFwcGN0eHNlbmRlciI6Ik93YURvd25sb2FkQDYyMmNiYTk4LTgwZjgtNDFmMy04ZGY1LThlYjk5OTAxNTk4YiIsImFwcGN0eCI6IntcIm1zZXhjaHByb3RcIjpcIm93YVwiLFwicHJpbWFyeXNpZFwiOlwiUy0xLTUtMjEtMTg1OTk2NDkwNC0zMjUxNjg4ODgxLTE0ODg4NDU0ODgtNDk5MTU2MlwiLFwicHVpZFwiOlwiMTE1Mzk3NzAyNTE4MzIxNzUzM1wiLFwib2lkXCI6XCIxYTMxOTdhNy02YTliLTQ2N2YtOTkzYS05OWFmOTgzN2ExNjlcIixcInNjb3BlXCI6XCJPd2FEb3dubG9hZFwifSIsIm5iZiI6MTUzMjk2MjQxMSwiZXhwIjoxNTMyOTYzMDExLCJpc3MiOiIwMDAwMDAwMi0wMDAwLTBmZjEtY2UwMC0wMDAwMDAwMDAwMDBANjIyY2JhOTgtODBmOC00MWYzLThkZjUtOGViOTk5MDE1OThiIiwiYXVkIjoiMDAwMDAwMDItMDAwMC0wZmYxLWNlMDAtMDAwMDAwMDAwMDAwL2F0dGFjaG1lbnQub3V0bG9vay5vZmZpY2UubmV0QDYyMmNiYTk4LTgwZjgtNDFmMy04ZGY1LThlYjk5OTAxNTk4YiJ9.bz51Toh49uqiHcowwiEersyQAfY5PSvepJrCgpognCDDofAs-N4o2IQ8ESFNA8WjzDGPDm6lR_51r6F-fq6oBsPufyOffVWthDnrX8fGuKOROAExfymXiFr8-ptMpunIJbe7zxerFOzNwPRMbEHCikrCpoPzHl8IF9CCuvRchp4F-HP_vIpA4auGNji6XgTunwh2zQEYdAIbITZH2ndRX2KGiUKavJ7tT5IFPETyKPr2P_K0SaRggyGSfKAZowf8BDp_CyTMUdmdIucPLQgTKkb8hiHkxCnXFFWpNWkhiq7nSvHEJire9dQbNhcacx2P4lAMA3EkklAUQAx9b-apiQ&amp;owa=outlook.office.com&amp;isImagePreview=True\" alt=\"cid:image001.png@01D42580.D79CB500\" \/><\/p>\n<p>Liquidador de sociedad demanda a empresa matriz en acci\u00f3<span class=\"markaio97u2qh\" data-markjs=\"true\" data-ogac=\"\" data-ogab=\"\" data-ogsc=\"\" data-ogsb=\"\">n<\/span> de responsabilidad subsidiaria. Estudio de la legitimaci\u00f3<span class=\"markaio97u2qh\" data-markjs=\"true\" data-ogac=\"\" data-ogab=\"\" data-ogsc=\"\" data-ogsb=\"\">n<\/span>\u00a0por activa e inter\u00e9s jur\u00eddico del actor. Acreedores de la subordinada como titulares \u00fa<span class=\"markaio97u2qh\" data-markjs=\"true\" data-ogac=\"\" data-ogab=\"\" data-ogsc=\"\" data-ogsb=\"\">n<\/span>icos. Art\u00edculo 148 par\u00e1grafo Ley 222 de 1995. <a href=\"https:\/\/cortesuprema.gov.co\/corte\/wp-content\/uploads\/2019\/09\/RADICADO-N-76001-31-03-013-2004-00011-01_compressed.pdf\">SC3414-2019<\/a><\/p>\n<p style=\"text-align: justify;\"><!--more--><\/p>\n<p style=\"text-align: justify;\">Descarga aqu\u00ed <a href=\"https:\/\/cortesuprema.gov.co\/corte\/wp-content\/uploads\/2019\/09\/RADICADO-N-76001-31-03-013-2004-00011-01_compressed.pdf\">SC3414-2019<\/a><\/p>\n[spiderpowa-pdf src=\u00bbhttps:\/\/cortesuprema.gov.co\/corte\/wp-content\/uploads\/2019\/09\/RADICADO-N-76001-31-03-013-2004-00011-01_compressed.pdf\u00bb]\n<hr \/>\n<p>Descarga aqu\u00ed <a href=\"https:\/\/cortesuprema.gov.co\/corte\/wp-content\/uploads\/2019\/09\/RADICADO-N-76001-31-03-013-2004-00011-01_compressed.pdf\">SC3414-2019<\/a><\/p>\n","protected":false},"excerpt":{"rendered":"<p>Liquidador de sociedad demanda a empresa matriz en acci\u00f3n de responsabilidad subsidiaria. Estudio de la legitimaci\u00f3n\u00a0por activa e inter\u00e9s jur\u00eddico del actor. Acreedores de la subordinada como titulares \u00fanicos. Art\u00edculo 148 par\u00e1grafo Ley 222 de 1995. SC3414-2019<\/p>\n","protected":false},"author":3,"featured_media":0,"comment_status":"closed","ping_status":"closed","sticky":false,"template":"","format":"standard","meta":{"footnotes":""},"categories":[68],"tags":[1945,714,1948,1946,861,1947,855,249,1944,1949],"class_list":["post-27036","post","type-post","status-publish","format-standard","hentry","category-novedades","tag-articulo-148-paragrafo","tag-dr-alvaro-fernando-garcia-restrepo","tag-empresa-matriz","tag-legitimacion-en-la-causa-por-activa","tag-ley-222-de-1995","tag-liquidador-de-sociedad","tag-responsabilidad-subsidiaria","tag-sala-civil","tag-sc3414-2019","tag-titulares-unicos"],"_links":{"self":[{"href":"https:\/\/cortesuprema.gov.co\/corte\/index.php\/wp-json\/wp\/v2\/posts\/27036","targetHints":{"allow":["GET"]}}],"collection":[{"href":"https:\/\/cortesuprema.gov.co\/corte\/index.php\/wp-json\/wp\/v2\/posts"}],"about":[{"href":"https:\/\/cortesuprema.gov.co\/corte\/index.php\/wp-json\/wp\/v2\/types\/post"}],"author":[{"embeddable":true,"href":"https:\/\/cortesuprema.gov.co\/corte\/index.php\/wp-json\/wp\/v2\/users\/3"}],"replies":[{"embeddable":true,"href":"https:\/\/cortesuprema.gov.co\/corte\/index.php\/wp-json\/wp\/v2\/comments?post=27036"}],"version-history":[{"count":1,"href":"https:\/\/cortesuprema.gov.co\/corte\/index.php\/wp-json\/wp\/v2\/posts\/27036\/revisions"}],"predecessor-version":[{"id":27037,"href":"https:\/\/cortesuprema.gov.co\/corte\/index.php\/wp-json\/wp\/v2\/posts\/27036\/revisions\/27037"}],"wp:attachment":[{"href":"https:\/\/cortesuprema.gov.co\/corte\/index.php\/wp-json\/wp\/v2\/media?parent=27036"}],"wp:term":[{"taxonomy":"category","embeddable":true,"href":"https:\/\/cortesuprema.gov.co\/corte\/index.php\/wp-json\/wp\/v2\/categories?post=27036"},{"taxonomy":"post_tag","embeddable":true,"href":"https:\/\/cortesuprema.gov.co\/corte\/index.php\/wp-json\/wp\/v2\/tags?post=27036"}],"curies":[{"name":"wp","href":"https:\/\/api.w.org\/{rel}","templated":true}]}}