{"id":27309,"date":"2019-11-01T12:13:59","date_gmt":"2019-11-01T17:13:59","guid":{"rendered":"https:\/\/cortesuprema.gov.co\/corte\/?p=27309"},"modified":"2019-11-01T12:13:59","modified_gmt":"2019-11-01T17:13:59","slug":"extincion-de-dominio-regimen-de-transicion","status":"publish","type":"post","link":"https:\/\/cortesuprema.gov.co\/corte\/index.php\/2019\/11\/01\/extincion-de-dominio-regimen-de-transicion\/","title":{"rendered":"EXTINCI\u00d3N DE DOMINIO &#8211; R\u00e9gimen de transici\u00f3n"},"content":{"rendered":"<ul>\n<li style=\"text-align: justify;\">La competencia est\u00e1 regida por la ley vigente y su aplicaci\u00f3n es inmediata, sin que opere fen\u00f3meno semejante al de su pr\u00f3rroga. [AP3516-2019(55913)]<\/li>\n<\/ul>\n<p><!--more--><\/p>\n<hr \/>\n[spiderpowa-pdf src=\u00bbhttps:\/\/cortesuprema.gov.co\/corte\/wp-content\/uploads\/relatorias\/pe\/b2oct2019\/AP3516-2019(55913).PDF\u00bb]<!--more--><\/p>\n<p>Descargue el documento aqu\u00ed:\u00a0<a href=\"https:\/\/cortesuprema.gov.co\/corte\/wp-content\/uploads\/relatorias\/pe\/b2oct2019\/AP3516-2019(55913).PDF\" target=\"_blank\" rel=\"noopener noreferrer\">AP3516-2019(55913).PDF<\/a><\/p>\n","protected":false},"excerpt":{"rendered":"<p>La competencia est\u00e1 regida por la ley vigente y su aplicaci\u00f3n es inmediata, sin que opere fen\u00f3meno semejante al de su pr\u00f3rroga. [AP3516-2019(55913)]<\/p>\n","protected":false},"author":12,"featured_media":0,"comment_status":"closed","ping_status":"closed","sticky":false,"template":"","format":"standard","meta":{"footnotes":""},"categories":[68],"tags":[2074,86,618,235,2073,71],"class_list":["post-27309","post","type-post","status-publish","format-standard","hentry","category-novedades","tag-ap3516-201955913","tag-corte-suprema-de-justicia","tag-dr-eyder-patino-cabreta","tag-extincion-de-dominio","tag-regimen-de-transicion","tag-sala-penal"],"_links":{"self":[{"href":"https:\/\/cortesuprema.gov.co\/corte\/index.php\/wp-json\/wp\/v2\/posts\/27309","targetHints":{"allow":["GET"]}}],"collection":[{"href":"https:\/\/cortesuprema.gov.co\/corte\/index.php\/wp-json\/wp\/v2\/posts"}],"about":[{"href":"https:\/\/cortesuprema.gov.co\/corte\/index.php\/wp-json\/wp\/v2\/types\/post"}],"author":[{"embeddable":true,"href":"https:\/\/cortesuprema.gov.co\/corte\/index.php\/wp-json\/wp\/v2\/users\/12"}],"replies":[{"embeddable":true,"href":"https:\/\/cortesuprema.gov.co\/corte\/index.php\/wp-json\/wp\/v2\/comments?post=27309"}],"version-history":[{"count":1,"href":"https:\/\/cortesuprema.gov.co\/corte\/index.php\/wp-json\/wp\/v2\/posts\/27309\/revisions"}],"predecessor-version":[{"id":27310,"href":"https:\/\/cortesuprema.gov.co\/corte\/index.php\/wp-json\/wp\/v2\/posts\/27309\/revisions\/27310"}],"wp:attachment":[{"href":"https:\/\/cortesuprema.gov.co\/corte\/index.php\/wp-json\/wp\/v2\/media?parent=27309"}],"wp:term":[{"taxonomy":"category","embeddable":true,"href":"https:\/\/cortesuprema.gov.co\/corte\/index.php\/wp-json\/wp\/v2\/categories?post=27309"},{"taxonomy":"post_tag","embeddable":true,"href":"https:\/\/cortesuprema.gov.co\/corte\/index.php\/wp-json\/wp\/v2\/tags?post=27309"}],"curies":[{"name":"wp","href":"https:\/\/api.w.org\/{rel}","templated":true}]}}