{"id":27899,"date":"2019-12-18T11:43:10","date_gmt":"2019-12-18T16:43:10","guid":{"rendered":"https:\/\/cortesuprema.gov.co\/corte\/?p=27899"},"modified":"2019-12-18T11:43:10","modified_gmt":"2019-12-18T16:43:10","slug":"pasajera-demanda-indemnizacion-ante-perdida-permanente-de-movilidad-con-ocasion-de-accidente-de-transito-sala-de-casacion-civil","status":"publish","type":"post","link":"https:\/\/cortesuprema.gov.co\/corte\/index.php\/2019\/12\/18\/pasajera-demanda-indemnizacion-ante-perdida-permanente-de-movilidad-con-ocasion-de-accidente-de-transito-sala-de-casacion-civil\/","title":{"rendered":"Pasajera demanda indemnizaci\u00f3n ante p\u00e9rdida permanente de movilidad, con ocasi\u00f3n de accidente de tr\u00e1nsito- Sala de Casaci\u00f3n Civil"},"content":{"rendered":"<p>Por incumplimiento contractual, pasajera demanda indemnizaci\u00f3n ante p\u00e9rdida permanente de movilidad, con ocasi\u00f3n de accidente de tr\u00e1nsito. La\u00a0Sala Civil aplica principio de reparaci\u00f3n integral en la cuantificaci\u00f3n. Acreditaci\u00f3n de la aptitud laboral en la docencia y su remuneraci\u00f3n, para liquidar lucro cesante. Prueba del da\u00f1o a la vida de relaci\u00f3n por reglas de la experiencia y sentido com\u00fan. Alteraci\u00f3n de las condiciones de vida como hecho notorio. Extensi\u00f3n del perjuicio.\u00a0<a href=\"https:\/\/cortesuprema.gov.co\/corte\/wp-content\/uploads\/2019\/11\/SC4803-2019.pdf\" target=\"_blank\" rel=\"noopener noreferrer\">SC4803-2019<\/a><\/p>\n<p style=\"text-align: justify;\"><!--more--><\/p>\n<p style=\"text-align: justify;\">Descarga aqu\u00ed <a href=\"https:\/\/cortesuprema.gov.co\/corte\/wp-content\/uploads\/2019\/11\/SC4803-2019.pdf\">SC4803-2019<\/a><\/p>\n[spiderpowa-pdf src=\u00bbhttps:\/\/cortesuprema.gov.co\/corte\/wp-content\/uploads\/2019\/11\/SC4803-2019.pdf\u00bb]\n<hr \/>\n<p>Descarga aqu\u00ed <a href=\"https:\/\/cortesuprema.gov.co\/corte\/wp-content\/uploads\/2019\/11\/SC4803-2019.pdf\">SC4803-2019<\/a><\/p>\n","protected":false},"excerpt":{"rendered":"<p>Por incumplimiento contractual, pasajera demanda indemnizaci\u00f3n ante p\u00e9rdida permanente de movilidad, con ocasi\u00f3n de accidente de tr\u00e1nsito. La\u00a0Sala Civil aplica principio de reparaci\u00f3n integral en la cuantificaci\u00f3n. Acreditaci\u00f3n de la aptitud laboral en la docencia y su remuneraci\u00f3n, para liquidar lucro cesante. Prueba del da\u00f1o a la vida de relaci\u00f3n por reglas de la experiencia &hellip; <a href=\"https:\/\/cortesuprema.gov.co\/corte\/index.php\/2019\/12\/18\/pasajera-demanda-indemnizacion-ante-perdida-permanente-de-movilidad-con-ocasion-de-accidente-de-transito-sala-de-casacion-civil\/\" class=\"more-link\">Continuar leyendo<span class=\"screen-reader-text\"> \u00abPasajera demanda indemnizaci\u00f3n ante p\u00e9rdida permanente de movilidad, con ocasi\u00f3n de accidente de tr\u00e1nsito- Sala de Casaci\u00f3n Civil\u00bb<\/span><\/a><\/p>\n","protected":false},"author":3,"featured_media":0,"comment_status":"closed","ping_status":"closed","sticky":false,"template":"","format":"standard","meta":{"footnotes":""},"categories":[68],"tags":[652,2152,2146,2145,2149,2147,667,2153,2140,935,657,1321,2143,2144,2148,753,2150,641,249,2142,2151],"class_list":["post-27899","post","type-post","status-publish","format-standard","hentry","category-novedades","tag-accidente-de-transito","tag-alteracion-de-la-condiciones-de-vida","tag-aptitup-laboral","tag-bus","tag-dano-ala-vida-de-relacion","tag-docente","tag-dr-aroldo-wilson-quiroz-molsalvo","tag-extension-del-perjuicio","tag-hecho-notorio","tag-incumplimiento-contractual","tag-indemnizacion","tag-lucro-cesante","tag-pasajera","tag-perdida-permanente-de-movilidad","tag-principio-de-reparacion-integral","tag-recurso-de-casacion","tag-reglas-de-experiencia","tag-responsabilidad-civil","tag-sala-civil","tag-sc4803-2019","tag-sentido-comun"],"_links":{"self":[{"href":"https:\/\/cortesuprema.gov.co\/corte\/index.php\/wp-json\/wp\/v2\/posts\/27899","targetHints":{"allow":["GET"]}}],"collection":[{"href":"https:\/\/cortesuprema.gov.co\/corte\/index.php\/wp-json\/wp\/v2\/posts"}],"about":[{"href":"https:\/\/cortesuprema.gov.co\/corte\/index.php\/wp-json\/wp\/v2\/types\/post"}],"author":[{"embeddable":true,"href":"https:\/\/cortesuprema.gov.co\/corte\/index.php\/wp-json\/wp\/v2\/users\/3"}],"replies":[{"embeddable":true,"href":"https:\/\/cortesuprema.gov.co\/corte\/index.php\/wp-json\/wp\/v2\/comments?post=27899"}],"version-history":[{"count":1,"href":"https:\/\/cortesuprema.gov.co\/corte\/index.php\/wp-json\/wp\/v2\/posts\/27899\/revisions"}],"predecessor-version":[{"id":27900,"href":"https:\/\/cortesuprema.gov.co\/corte\/index.php\/wp-json\/wp\/v2\/posts\/27899\/revisions\/27900"}],"wp:attachment":[{"href":"https:\/\/cortesuprema.gov.co\/corte\/index.php\/wp-json\/wp\/v2\/media?parent=27899"}],"wp:term":[{"taxonomy":"category","embeddable":true,"href":"https:\/\/cortesuprema.gov.co\/corte\/index.php\/wp-json\/wp\/v2\/categories?post=27899"},{"taxonomy":"post_tag","embeddable":true,"href":"https:\/\/cortesuprema.gov.co\/corte\/index.php\/wp-json\/wp\/v2\/tags?post=27899"}],"curies":[{"name":"wp","href":"https:\/\/api.w.org\/{rel}","templated":true}]}}