{"id":28214,"date":"2020-01-29T16:59:42","date_gmt":"2020-01-29T21:59:42","guid":{"rendered":"https:\/\/cortesuprema.gov.co\/corte\/?p=28214"},"modified":"2020-01-29T16:59:42","modified_gmt":"2020-01-29T21:59:42","slug":"proceso-de-alimentos-razonabilidad-de-la-decision","status":"publish","type":"post","link":"https:\/\/cortesuprema.gov.co\/corte\/index.php\/2020\/01\/29\/proceso-de-alimentos-razonabilidad-de-la-decision\/","title":{"rendered":"Proceso de alimentos: razonabilidad de la decisi\u00f3n"},"content":{"rendered":"<p><strong>DERECHO AL DEBIDO PROCESO<\/strong> &#8211; Proceso de alimentos: razonabilidad de la decisi\u00f3n del juez de familia que asigna la totalidad de la cuota alimentaria al padre de la menor, en raz\u00f3n de su capacidad econ\u00f3mica y la intenci\u00f3n de evadir su responsabilidad<\/p>\n<p>&nbsp;<\/p>\n<p><strong>DERECHO AL DEBIDO PROCESO<\/strong> &#8211; Proceso de alimentos: razonabilidad de la decisi\u00f3n que fija la totalidad de la cuota alimentaria a cargo del progenitor, aplicando la perspectiva de g\u00e9nero, por cuanto la madre est\u00e1 dedicada exclusivamente al cuidado de la menor (<a href=\"https:\/\/cortesuprema.gov.co\/corte\/wp-content\/uploads\/novejuri\/tutela\/STC15175-2019.pdf\" target=\"_blank\" rel=\"noopener noreferrer\">STC15175-2019<\/a>)<\/p>\n<p>&nbsp;<\/p>\n<p><!--more--><\/p>\n<hr \/>\n[spiderpowa-pdf src=\u00bbhttps:\/\/cortesuprema.gov.co\/corte\/wp-content\/uploads\/novejuri\/tutela\/STC15175-2019.pdf\u00bb]\n<hr \/>\n<p>Descargue el documento aqu\u00ed: <a href=\"https:\/\/cortesuprema.gov.co\/corte\/wp-content\/uploads\/novejuri\/tutela\/STC15175-2019.pdf\" target=\"_blank\" rel=\"noopener noreferrer\">STC15175-2019<\/a><\/p>\n","protected":false},"excerpt":{"rendered":"<p>DERECHO AL DEBIDO PROCESO &#8211; Proceso de alimentos: razonabilidad de la decisi\u00f3n del juez de familia que asigna la totalidad de la cuota alimentaria al padre de la menor, en raz\u00f3n de su capacidad econ\u00f3mica y la intenci\u00f3n de evadir su responsabilidad &nbsp; DERECHO AL DEBIDO PROCESO &#8211; Proceso de alimentos: razonabilidad de la decisi\u00f3n &hellip; <a href=\"https:\/\/cortesuprema.gov.co\/corte\/index.php\/2020\/01\/29\/proceso-de-alimentos-razonabilidad-de-la-decision\/\" class=\"more-link\">Continuar leyendo<span class=\"screen-reader-text\"> \u00abProceso de alimentos: razonabilidad de la decisi\u00f3n\u00bb<\/span><\/a><\/p>\n","protected":false},"author":3,"featured_media":0,"comment_status":"closed","ping_status":"closed","sticky":false,"template":"","format":"standard","meta":{"footnotes":""},"categories":[68],"tags":[],"class_list":["post-28214","post","type-post","status-publish","format-standard","hentry","category-novedades"],"_links":{"self":[{"href":"https:\/\/cortesuprema.gov.co\/corte\/index.php\/wp-json\/wp\/v2\/posts\/28214","targetHints":{"allow":["GET"]}}],"collection":[{"href":"https:\/\/cortesuprema.gov.co\/corte\/index.php\/wp-json\/wp\/v2\/posts"}],"about":[{"href":"https:\/\/cortesuprema.gov.co\/corte\/index.php\/wp-json\/wp\/v2\/types\/post"}],"author":[{"embeddable":true,"href":"https:\/\/cortesuprema.gov.co\/corte\/index.php\/wp-json\/wp\/v2\/users\/3"}],"replies":[{"embeddable":true,"href":"https:\/\/cortesuprema.gov.co\/corte\/index.php\/wp-json\/wp\/v2\/comments?post=28214"}],"version-history":[{"count":1,"href":"https:\/\/cortesuprema.gov.co\/corte\/index.php\/wp-json\/wp\/v2\/posts\/28214\/revisions"}],"predecessor-version":[{"id":28215,"href":"https:\/\/cortesuprema.gov.co\/corte\/index.php\/wp-json\/wp\/v2\/posts\/28214\/revisions\/28215"}],"wp:attachment":[{"href":"https:\/\/cortesuprema.gov.co\/corte\/index.php\/wp-json\/wp\/v2\/media?parent=28214"}],"wp:term":[{"taxonomy":"category","embeddable":true,"href":"https:\/\/cortesuprema.gov.co\/corte\/index.php\/wp-json\/wp\/v2\/categories?post=28214"},{"taxonomy":"post_tag","embeddable":true,"href":"https:\/\/cortesuprema.gov.co\/corte\/index.php\/wp-json\/wp\/v2\/tags?post=28214"}],"curies":[{"name":"wp","href":"https:\/\/api.w.org\/{rel}","templated":true}]}}