{"id":28227,"date":"2020-01-30T11:35:25","date_gmt":"2020-01-30T16:35:25","guid":{"rendered":"https:\/\/cortesuprema.gov.co\/corte\/?p=28227"},"modified":"2020-02-03T16:33:47","modified_gmt":"2020-02-03T21:33:47","slug":"francisco-barbosa-nuevo-fiscal-general-de-la-nacion","status":"publish","type":"post","link":"https:\/\/cortesuprema.gov.co\/corte\/index.php\/2020\/01\/30\/francisco-barbosa-nuevo-fiscal-general-de-la-nacion\/","title":{"rendered":"Francisco Barbosa, nuevo fiscal general de la Naci\u00f3n"},"content":{"rendered":"<p><strong>Bogot\u00e1, D.C., jueves 30 de enero de 2020.<\/strong> La Corte Suprema de Justicia eligi\u00f3 al jurista Francisco Roberto Barbosa Delgado como fiscal general de la Naci\u00f3n.<\/p>\n<p align=\"justify\">El nuevo jefe del ente acusador es abogado egresado de la Universidad Sergio Arboleda, doctor (PH. D) en Derecho P\u00fablico de la Universidad de Nantes (Francia), magister en Derecho P\u00fablico de la Universidad Externado de Colombia, magister en Historia de la Universidad Javeriana y especialista en Relaciones Internacionales de la Universidad Jorge Tadeo Lozano.<\/p>\n<p align=\"justify\">En su trayectoria profesional, ha sido alto consejero presidencial de Derechos Humanos y Asuntos Internacionales, asesor legal externo de la Personer\u00eda de Bogot\u00e1, asesor legal del Centro de Memoria, Paz y Reconciliaci\u00f3n del Distrito, asesor jur\u00eddico del Banco Mundial para la misi\u00f3n Panam\u00e1 (Derecho de Telecomunicaciones y Derecho de Transporte), asesor jur\u00eddico del viceministerio de Transporte, asesor jur\u00eddico externo de la firma Consucol S.A.S, asesor jur\u00eddico del Ministerio de Comunicaciones, fiscal especializado de la Unidad Nacional de Derechos Humanos, director jur\u00eddico del Programa Fosit del Banco Interamericano de Desarrollo y Ministerio de Hacienda, coordinador de gesti\u00f3n de la Corporaci\u00f3n Excelencia en la Justicia y asesor jur\u00eddico de unidad de trabajo legislativo del Senado de la Rep\u00fablica.<\/p>\n<p align=\"justify\">Cuenta con una amplia experiencia acad\u00e9mica y docente como profesor e investigador universitario de reconocidos establecimientos educativos nacionales y extranjeros, conferencista nacional e internacional y jurado de tesis doctorales internacionales. Autor de m\u00e1s de una decena de obras y libros sobre sus especialidades y m\u00faltiples art\u00edculos y rese\u00f1as en publicaciones nacionales y extranjeras. Es miembro de las academias colombianas de Historia, Jurisprudencia y Derecho Internacional.<\/p>\n<p align=\"justify\">\n<p align=\"justify\">Vea <a href=\"https:\/\/cortesuprema.gov.co\/corte\/wp-content\/uploads\/secgen\/docu\/ACUERDO1383DE2020 DR BARBOSA DELGADO.pdf\" target=\"_blank\" rel=\"noopener noreferrer\">aqu\u00ed el Acuerdo 1383 de 2020,<\/a> Por el cual se hace el nombramiento del Fiscal General de la Naci\u00f3n<\/p>\n","protected":false},"excerpt":{"rendered":"<p>Bogot\u00e1, D.C., jueves 30 de enero de 2020. La Corte Suprema de Justicia eligi\u00f3 al jurista Francisco Roberto Barbosa Delgado como fiscal general de la Naci\u00f3n. El nuevo jefe del ente acusador es abogado egresado de la Universidad Sergio Arboleda, doctor (PH. D) en Derecho P\u00fablico de la Universidad de Nantes (Francia), magister en Derecho &hellip; <a href=\"https:\/\/cortesuprema.gov.co\/corte\/index.php\/2020\/01\/30\/francisco-barbosa-nuevo-fiscal-general-de-la-nacion\/\" class=\"more-link\">Continuar leyendo<span class=\"screen-reader-text\"> \u00abFrancisco Barbosa, nuevo fiscal general de la Naci\u00f3n\u00bb<\/span><\/a><\/p>\n","protected":false},"author":28,"featured_media":28228,"comment_status":"closed","ping_status":"closed","sticky":false,"template":"","format":"standard","meta":{"footnotes":""},"categories":[27,1],"tags":[],"class_list":["post-28227","post","type-post","status-publish","format-standard","has-post-thumbnail","hentry","category-news","category-sin-categoria"],"_links":{"self":[{"href":"https:\/\/cortesuprema.gov.co\/corte\/index.php\/wp-json\/wp\/v2\/posts\/28227","targetHints":{"allow":["GET"]}}],"collection":[{"href":"https:\/\/cortesuprema.gov.co\/corte\/index.php\/wp-json\/wp\/v2\/posts"}],"about":[{"href":"https:\/\/cortesuprema.gov.co\/corte\/index.php\/wp-json\/wp\/v2\/types\/post"}],"author":[{"embeddable":true,"href":"https:\/\/cortesuprema.gov.co\/corte\/index.php\/wp-json\/wp\/v2\/users\/28"}],"replies":[{"embeddable":true,"href":"https:\/\/cortesuprema.gov.co\/corte\/index.php\/wp-json\/wp\/v2\/comments?post=28227"}],"version-history":[{"count":4,"href":"https:\/\/cortesuprema.gov.co\/corte\/index.php\/wp-json\/wp\/v2\/posts\/28227\/revisions"}],"predecessor-version":[{"id":28267,"href":"https:\/\/cortesuprema.gov.co\/corte\/index.php\/wp-json\/wp\/v2\/posts\/28227\/revisions\/28267"}],"wp:featuredmedia":[{"embeddable":true,"href":"https:\/\/cortesuprema.gov.co\/corte\/index.php\/wp-json\/wp\/v2\/media\/28228"}],"wp:attachment":[{"href":"https:\/\/cortesuprema.gov.co\/corte\/index.php\/wp-json\/wp\/v2\/media?parent=28227"}],"wp:term":[{"taxonomy":"category","embeddable":true,"href":"https:\/\/cortesuprema.gov.co\/corte\/index.php\/wp-json\/wp\/v2\/categories?post=28227"},{"taxonomy":"post_tag","embeddable":true,"href":"https:\/\/cortesuprema.gov.co\/corte\/index.php\/wp-json\/wp\/v2\/tags?post=28227"}],"curies":[{"name":"wp","href":"https:\/\/api.w.org\/{rel}","templated":true}]}}