{"id":28961,"date":"2020-03-18T12:22:49","date_gmt":"2020-03-18T17:22:49","guid":{"rendered":"https:\/\/cortesuprema.gov.co\/corte\/?p=28961"},"modified":"2020-03-18T12:22:49","modified_gmt":"2020-03-18T17:22:49","slug":"violencia-intrafamiliar-se-configura","status":"publish","type":"post","link":"https:\/\/cortesuprema.gov.co\/corte\/index.php\/2020\/03\/18\/violencia-intrafamiliar-se-configura\/","title":{"rendered":"VIOLENCIA INTRAFAMILIAR &#8211; Se configura"},"content":{"rendered":"<ul>\n<li>Cuando el victimario fuerza la cohesi\u00f3n mediante sometimiento y dominaci\u00f3n, que vulnera el bien jur\u00eddico de armon\u00eda y unidad familiar. <a href=\"https:\/\/cortesuprema.gov.co\/corte\/wp-content\/uploads\/relatorias\/pe\/b1mar2020\/SP468-2020(53037).pdf\">[SP468-2020(53037)]<\/a><\/li>\n<\/ul>\n<p><!--more--><\/p>\n<hr \/>\n[spiderpowa-pdf src=\u00bbhttps:\/\/cortesuprema.gov.co\/corte\/wp-content\/uploads\/relatorias\/pe\/b1mar2020\/SP468-2020(53037).pdf\u00bb]\n<hr \/>\n<p>Descargue el documento aqu\u00ed:\u00a0<a href=\"https:\/\/cortesuprema.gov.co\/corte\/wp-content\/uploads\/relatorias\/pe\/b1mar2020\/SP468-2020(53037).pdf\" target=\"_blank\" rel=\"noopener noreferrer\">SP468-2020(53037).pdf<\/a><\/p>\n","protected":false},"excerpt":{"rendered":"<p>Cuando el victimario fuerza la cohesi\u00f3n mediante sometimiento y dominaci\u00f3n, que vulnera el bien jur\u00eddico de armon\u00eda y unidad familiar. [SP468-2020(53037)]<\/p>\n","protected":false},"author":12,"featured_media":0,"comment_status":"closed","ping_status":"closed","sticky":false,"template":"","format":"standard","meta":{"footnotes":""},"categories":[68],"tags":[86,71,2252,312],"class_list":["post-28961","post","type-post","status-publish","format-standard","hentry","category-novedades","tag-corte-suprema-de-justicia","tag-sala-penal","tag-se-configura","tag-violencia-intrafamiliar"],"_links":{"self":[{"href":"https:\/\/cortesuprema.gov.co\/corte\/index.php\/wp-json\/wp\/v2\/posts\/28961","targetHints":{"allow":["GET"]}}],"collection":[{"href":"https:\/\/cortesuprema.gov.co\/corte\/index.php\/wp-json\/wp\/v2\/posts"}],"about":[{"href":"https:\/\/cortesuprema.gov.co\/corte\/index.php\/wp-json\/wp\/v2\/types\/post"}],"author":[{"embeddable":true,"href":"https:\/\/cortesuprema.gov.co\/corte\/index.php\/wp-json\/wp\/v2\/users\/12"}],"replies":[{"embeddable":true,"href":"https:\/\/cortesuprema.gov.co\/corte\/index.php\/wp-json\/wp\/v2\/comments?post=28961"}],"version-history":[{"count":1,"href":"https:\/\/cortesuprema.gov.co\/corte\/index.php\/wp-json\/wp\/v2\/posts\/28961\/revisions"}],"predecessor-version":[{"id":28962,"href":"https:\/\/cortesuprema.gov.co\/corte\/index.php\/wp-json\/wp\/v2\/posts\/28961\/revisions\/28962"}],"wp:attachment":[{"href":"https:\/\/cortesuprema.gov.co\/corte\/index.php\/wp-json\/wp\/v2\/media?parent=28961"}],"wp:term":[{"taxonomy":"category","embeddable":true,"href":"https:\/\/cortesuprema.gov.co\/corte\/index.php\/wp-json\/wp\/v2\/categories?post=28961"},{"taxonomy":"post_tag","embeddable":true,"href":"https:\/\/cortesuprema.gov.co\/corte\/index.php\/wp-json\/wp\/v2\/tags?post=28961"}],"curies":[{"name":"wp","href":"https:\/\/api.w.org\/{rel}","templated":true}]}}