{"id":29494,"date":"2020-04-29T21:56:11","date_gmt":"2020-04-30T02:56:11","guid":{"rendered":"https:\/\/cortesuprema.gov.co\/corte\/?p=29494"},"modified":"2020-04-29T21:57:52","modified_gmt":"2020-04-30T02:57:52","slug":"sala-penal-de-la-corte-suprema-dicta-reglas-excepcionales-para-reanudar-tramites-por-canales-digitales","status":"publish","type":"post","link":"https:\/\/cortesuprema.gov.co\/corte\/index.php\/2020\/04\/29\/sala-penal-de-la-corte-suprema-dicta-reglas-excepcionales-para-reanudar-tramites-por-canales-digitales\/","title":{"rendered":"Sala Penal de la Corte Suprema dicta reglas excepcionales para reanudar tr\u00e1mites por canales digitales"},"content":{"rendered":"<p align=\"justify\"><strong>Bogot\u00e1, D.C., mi\u00e9rcoles 29 de abril de 2020. <\/strong>En vista de la prolongaci\u00f3n de las medidas de aislamiento obligatorio y la apertura paulatina de canales y herramientas que han permitido expandir gradualmente el margen de acci\u00f3n de la Corte Suprema de Justicia, la Sala de Casaci\u00f3n Penal determin\u00f3 que, en lo sucesivo y hasta donde lo permitan los medios inform\u00e1ticos institucionales, continuar\u00e1 tramitando la totalidad de los asuntos de su competencia.<\/p>\n<p align=\"justify\">Entre otros argumentos, bajo el entendido que no es dable suspender los t\u00e9rminos de prescripci\u00f3n de la acci\u00f3n penal ni interrumpir la resoluci\u00f3n de los casos asignados a la Corte, por concernir todos al derecho fundamental a la libertad personal, la Sala de Casaci\u00f3n Penal acord\u00f3 tramitar por escrito la sustentaci\u00f3n de las demandas de casaci\u00f3n admitidas mientras se normaliza su funcionamiento, mediante el uso de la herramientas inform\u00e1ticas que garanticen los derechos de contradicci\u00f3n y publicidad.<\/p>\n<p align=\"justify\">Conozca aqu\u00ed la reglamentaci\u00f3n excepcional expedida por la Sala de Casaci\u00f3n Penal, mediante el Acuerdo 020 de 2020:<\/p>\n[spiderpowa-pdf src=\u00bbhttps:\/\/cortesuprema.gov.co\/corte\/wp-content\/uploads\/2020\/04\/Acuerdo-20-de-2020-Sala-Penal.pdf\u00bb]<a href=\"https:\/\/cortesuprema.gov.co\/corte\/wp-content\/uploads\/2020\/04\/Acuerdo-20-de-2020-Sala-Penal.pdf\">Acuerdo 20 de 2020 Sala Penal<\/a><\/p>\n","protected":false},"excerpt":{"rendered":"<p>Bogot\u00e1, D.C., mi\u00e9rcoles 29 de abril de 2020. En vista de la prolongaci\u00f3n de las medidas de aislamiento obligatorio y la apertura paulatina de canales y herramientas que han permitido expandir gradualmente el margen de acci\u00f3n de la Corte Suprema de Justicia, la Sala de Casaci\u00f3n Penal determin\u00f3 que, en lo sucesivo y hasta donde &hellip; <a href=\"https:\/\/cortesuprema.gov.co\/corte\/index.php\/2020\/04\/29\/sala-penal-de-la-corte-suprema-dicta-reglas-excepcionales-para-reanudar-tramites-por-canales-digitales\/\" class=\"more-link\">Continuar leyendo<span class=\"screen-reader-text\"> \u00abSala Penal de la Corte Suprema dicta reglas excepcionales para reanudar tr\u00e1mites por canales digitales\u00bb<\/span><\/a><\/p>\n","protected":false},"author":28,"featured_media":29496,"comment_status":"closed","ping_status":"closed","sticky":false,"template":"","format":"standard","meta":{"footnotes":""},"categories":[27],"tags":[],"class_list":["post-29494","post","type-post","status-publish","format-standard","has-post-thumbnail","hentry","category-news"],"_links":{"self":[{"href":"https:\/\/cortesuprema.gov.co\/corte\/index.php\/wp-json\/wp\/v2\/posts\/29494","targetHints":{"allow":["GET"]}}],"collection":[{"href":"https:\/\/cortesuprema.gov.co\/corte\/index.php\/wp-json\/wp\/v2\/posts"}],"about":[{"href":"https:\/\/cortesuprema.gov.co\/corte\/index.php\/wp-json\/wp\/v2\/types\/post"}],"author":[{"embeddable":true,"href":"https:\/\/cortesuprema.gov.co\/corte\/index.php\/wp-json\/wp\/v2\/users\/28"}],"replies":[{"embeddable":true,"href":"https:\/\/cortesuprema.gov.co\/corte\/index.php\/wp-json\/wp\/v2\/comments?post=29494"}],"version-history":[{"count":4,"href":"https:\/\/cortesuprema.gov.co\/corte\/index.php\/wp-json\/wp\/v2\/posts\/29494\/revisions"}],"predecessor-version":[{"id":29500,"href":"https:\/\/cortesuprema.gov.co\/corte\/index.php\/wp-json\/wp\/v2\/posts\/29494\/revisions\/29500"}],"wp:featuredmedia":[{"embeddable":true,"href":"https:\/\/cortesuprema.gov.co\/corte\/index.php\/wp-json\/wp\/v2\/media\/29496"}],"wp:attachment":[{"href":"https:\/\/cortesuprema.gov.co\/corte\/index.php\/wp-json\/wp\/v2\/media?parent=29494"}],"wp:term":[{"taxonomy":"category","embeddable":true,"href":"https:\/\/cortesuprema.gov.co\/corte\/index.php\/wp-json\/wp\/v2\/categories?post=29494"},{"taxonomy":"post_tag","embeddable":true,"href":"https:\/\/cortesuprema.gov.co\/corte\/index.php\/wp-json\/wp\/v2\/tags?post=29494"}],"curies":[{"name":"wp","href":"https:\/\/api.w.org\/{rel}","templated":true}]}}