{"id":29605,"date":"2020-05-06T11:28:15","date_gmt":"2020-05-06T16:28:15","guid":{"rendered":"https:\/\/cortesuprema.gov.co\/corte\/?p=29605"},"modified":"2020-05-06T11:28:15","modified_gmt":"2020-05-06T16:28:15","slug":"carlos-arturo-guarin-jurado","status":"publish","type":"post","link":"https:\/\/cortesuprema.gov.co\/corte\/index.php\/2020\/05\/06\/carlos-arturo-guarin-jurado\/","title":{"rendered":"CARLOS ARTURO GUAR\u00cdN JURADO"},"content":{"rendered":"<p style=\"text-align: center;\"><strong>Carlos Arturo Guar\u00edn Jurado<\/strong><\/p>\n<p style=\"text-align: justify;\">El magistrado Carlos Arturo Guar\u00edn Jurado es abogado de la Universidad de Manizales, egresado en 1984. Especialista en Derecho P\u00fablico Ciencia y Sociolog\u00eda Pol\u00edticas, Universidad Externado de Colombia, en convenio con la Universidad Complutense de Madrid, a\u00f1o 2001, formador en Derechos Humanos y Derecho Internacional Humanitario. ONU, Oficina en Colombia del alto Comisionado de las Naciones Unidas para los derechos Humanos, y la Escuela Judicial Rodrigo Lara Bonilla, a\u00f1o 2000, abogado litigante en \u00e1reas laboral y administrativo laboral entre 1984- 1996, asesor en conflictos colectivos de trabajo 1990 -1996, Arbitro en conflictos colectivos de trabajo 1996, profesor de pregrado en las c\u00e1tedras de Derecho Individual del trabajo, derecho Colectivo del Trabajo, derecho Administrativo laboral, derecho Procesal del Trabajo, Pr\u00e1ctica Laboral, en las facultades de derecho de la Universidad de Caldas, Universidad de Manizales y la Universidad Aut\u00f3noma de Colombia, en Bogot\u00e1, profesor de Post Grado en las Facultades de derecho de la Universidad de Caldas y la Universidad Externado de Colombia. M\u00f3dulos de derecho administrativo laboral y del trabajador oficial, respectivamente, conjuez de la Sala Laboral del Tribunal Superior del Distrito Judicial de Manizales en 1996, Magistrado Auxiliar de la Sala Laboral de la Corte Suprema de Justicia entre 1996 y 2003, Magistrado de la Sala Laboral del Tribunal Superior del Distrito Judicial de Manizales desde 2003 hasta 2017, Presidente del Tribunal Superior del Distrito Judicial de Manizales en los a\u00f1os 2004 y 2007, Magistrado Auxiliar de la Sala Laboral de la Corte Suprema de Justicia entre 2016 y 2017, y Magistrado Titular de la Sala Laboral de Descongesti\u00f3n de la Corte Suprema de Justicia desde junio de 2017 a la actualidad.<\/p>\n","protected":false},"excerpt":{"rendered":"<p>Carlos Arturo Guar\u00edn Jurado El magistrado Carlos Arturo Guar\u00edn Jurado es abogado de la Universidad de Manizales, egresado en 1984. Especialista en Derecho P\u00fablico Ciencia y Sociolog\u00eda Pol\u00edticas, Universidad Externado de Colombia, en convenio con la Universidad Complutense de Madrid, a\u00f1o 2001, formador en Derechos Humanos y Derecho Internacional Humanitario. ONU, Oficina en Colombia del &hellip; <a href=\"https:\/\/cortesuprema.gov.co\/corte\/index.php\/2020\/05\/06\/carlos-arturo-guarin-jurado\/\" class=\"more-link\">Continuar leyendo<span class=\"screen-reader-text\"> \u00abCARLOS ARTURO GUAR\u00cdN JURADO\u00bb<\/span><\/a><\/p>\n","protected":false},"author":28,"featured_media":0,"comment_status":"closed","ping_status":"closed","sticky":false,"template":"","format":"standard","meta":{"footnotes":""},"categories":[1],"tags":[],"class_list":["post-29605","post","type-post","status-publish","format-standard","hentry","category-sin-categoria"],"_links":{"self":[{"href":"https:\/\/cortesuprema.gov.co\/corte\/index.php\/wp-json\/wp\/v2\/posts\/29605","targetHints":{"allow":["GET"]}}],"collection":[{"href":"https:\/\/cortesuprema.gov.co\/corte\/index.php\/wp-json\/wp\/v2\/posts"}],"about":[{"href":"https:\/\/cortesuprema.gov.co\/corte\/index.php\/wp-json\/wp\/v2\/types\/post"}],"author":[{"embeddable":true,"href":"https:\/\/cortesuprema.gov.co\/corte\/index.php\/wp-json\/wp\/v2\/users\/28"}],"replies":[{"embeddable":true,"href":"https:\/\/cortesuprema.gov.co\/corte\/index.php\/wp-json\/wp\/v2\/comments?post=29605"}],"version-history":[{"count":1,"href":"https:\/\/cortesuprema.gov.co\/corte\/index.php\/wp-json\/wp\/v2\/posts\/29605\/revisions"}],"predecessor-version":[{"id":29606,"href":"https:\/\/cortesuprema.gov.co\/corte\/index.php\/wp-json\/wp\/v2\/posts\/29605\/revisions\/29606"}],"wp:attachment":[{"href":"https:\/\/cortesuprema.gov.co\/corte\/index.php\/wp-json\/wp\/v2\/media?parent=29605"}],"wp:term":[{"taxonomy":"category","embeddable":true,"href":"https:\/\/cortesuprema.gov.co\/corte\/index.php\/wp-json\/wp\/v2\/categories?post=29605"},{"taxonomy":"post_tag","embeddable":true,"href":"https:\/\/cortesuprema.gov.co\/corte\/index.php\/wp-json\/wp\/v2\/tags?post=29605"}],"curies":[{"name":"wp","href":"https:\/\/api.w.org\/{rel}","templated":true}]}}