{"id":29613,"date":"2020-05-06T11:38:49","date_gmt":"2020-05-06T16:38:49","guid":{"rendered":"https:\/\/cortesuprema.gov.co\/corte\/?p=29613"},"modified":"2020-05-06T11:39:27","modified_gmt":"2020-05-06T16:39:27","slug":"jorge-prada-sanchez","status":"publish","type":"post","link":"https:\/\/cortesuprema.gov.co\/corte\/index.php\/2020\/05\/06\/jorge-prada-sanchez\/","title":{"rendered":"JORGE PRADA S\u00c1NCHEZ"},"content":{"rendered":"<p style=\"text-align: center;\"><strong>Jorge Prada S\u00e1nchez<\/strong><\/p>\n<p style=\"text-align: justify;\">El magistrado Jorge Prada S\u00e1nchez es candidato a magister en Derecho, con \u00e9nfasis en Derecho del Trabajo de la Universidad Externado de Colombia y Especialista en Derecho Procesal del Colegio Nuestra Se\u00f1ora del Rosario (1986 \u2013 1987), se gradu\u00f3 como abogado de la Universidad Libre de la ciudad de Bogot\u00e1 D.C. en 1985. Actualmente se desempe\u00f1a como Magistrado de la Sala de Descongesti\u00f3n Laboral de la Corte Suprema de Justicia. Es profesor de la Universidad Libre sedes Bogot\u00e1 D.C., Barraquilla y Pereira; Universidad Colegio Nuestra Se\u00f1ora del Rosario y Universidad del Tolima. Fue Magistrado de la Sala Laboral del Tribunal Superior del Distrito Judicial de Ibagu\u00e9, la cual presidi\u00f3 en 2006, y Magistrado Auxiliar de la Sala Laboral de la Corte Suprema de Justicia (2009 \u2013 2017). Obtuvo la Condecoraci\u00f3n Jos\u00e9 Ignacio de M\u00e1rquez, categor\u00eda plata, por mejor Magistrado de Tribunal Superior en 2011, y ejerci\u00f3 como abogado litigante y asesor de varias entidades del sector p\u00fablico y privado.<\/p>\n","protected":false},"excerpt":{"rendered":"<p>Jorge Prada S\u00e1nchez El magistrado Jorge Prada S\u00e1nchez es candidato a magister en Derecho, con \u00e9nfasis en Derecho del Trabajo de la Universidad Externado de Colombia y Especialista en Derecho Procesal del Colegio Nuestra Se\u00f1ora del Rosario (1986 \u2013 1987), se gradu\u00f3 como abogado de la Universidad Libre de la ciudad de Bogot\u00e1 D.C. en &hellip; <a href=\"https:\/\/cortesuprema.gov.co\/corte\/index.php\/2020\/05\/06\/jorge-prada-sanchez\/\" class=\"more-link\">Continuar leyendo<span class=\"screen-reader-text\"> \u00abJORGE PRADA S\u00c1NCHEZ\u00bb<\/span><\/a><\/p>\n","protected":false},"author":28,"featured_media":0,"comment_status":"closed","ping_status":"closed","sticky":false,"template":"","format":"standard","meta":{"footnotes":""},"categories":[1],"tags":[],"class_list":["post-29613","post","type-post","status-publish","format-standard","hentry","category-sin-categoria"],"_links":{"self":[{"href":"https:\/\/cortesuprema.gov.co\/corte\/index.php\/wp-json\/wp\/v2\/posts\/29613","targetHints":{"allow":["GET"]}}],"collection":[{"href":"https:\/\/cortesuprema.gov.co\/corte\/index.php\/wp-json\/wp\/v2\/posts"}],"about":[{"href":"https:\/\/cortesuprema.gov.co\/corte\/index.php\/wp-json\/wp\/v2\/types\/post"}],"author":[{"embeddable":true,"href":"https:\/\/cortesuprema.gov.co\/corte\/index.php\/wp-json\/wp\/v2\/users\/28"}],"replies":[{"embeddable":true,"href":"https:\/\/cortesuprema.gov.co\/corte\/index.php\/wp-json\/wp\/v2\/comments?post=29613"}],"version-history":[{"count":2,"href":"https:\/\/cortesuprema.gov.co\/corte\/index.php\/wp-json\/wp\/v2\/posts\/29613\/revisions"}],"predecessor-version":[{"id":29615,"href":"https:\/\/cortesuprema.gov.co\/corte\/index.php\/wp-json\/wp\/v2\/posts\/29613\/revisions\/29615"}],"wp:attachment":[{"href":"https:\/\/cortesuprema.gov.co\/corte\/index.php\/wp-json\/wp\/v2\/media?parent=29613"}],"wp:term":[{"taxonomy":"category","embeddable":true,"href":"https:\/\/cortesuprema.gov.co\/corte\/index.php\/wp-json\/wp\/v2\/categories?post=29613"},{"taxonomy":"post_tag","embeddable":true,"href":"https:\/\/cortesuprema.gov.co\/corte\/index.php\/wp-json\/wp\/v2\/tags?post=29613"}],"curies":[{"name":"wp","href":"https:\/\/api.w.org\/{rel}","templated":true}]}}