{"id":32106,"date":"2020-08-31T15:07:03","date_gmt":"2020-08-31T20:07:03","guid":{"rendered":"https:\/\/cortesuprema.gov.co\/corte\/?p=32106"},"modified":"2020-09-02T08:45:30","modified_gmt":"2020-09-02T13:45:30","slug":"sistema-penal-acusatorio-juez-de-control-de-garantias-2","status":"publish","type":"post","link":"https:\/\/cortesuprema.gov.co\/corte\/index.php\/2020\/08\/31\/sistema-penal-acusatorio-juez-de-control-de-garantias-2\/","title":{"rendered":"SISTEMA PENAL ACUSATORIO &#8211; JUEZ DE CONTROL DE GARANT\u00cdAS"},"content":{"rendered":"<ul>\n<li>Competencia territorial, excepci\u00f3n cuando se trata de priorizar los derechos de un ni\u00f1o v\u00edctima de delito sexual. [AP796-2020 (57175)]<\/li>\n<\/ul>\n<p><!--more--><\/p>\n<hr \/>\n[spiderpowa-pdf src=\u00bbhttps:\/\/www.cortesuprema.gov.co\/corte\/wp-content\/uploads\/relatorias\/pe\/b2ago2020\/AP796-2020(57175).PDF\u00bb]\n<hr \/>\n<p>Descargue el documento aqu\u00ed:\u00a0<a href=\"https:\/\/cortesuprema.gov.co\/corte\/wp-content\/uploads\/relatorias\/pe\/b2ago2020\/AP796-2020(57175).PDF\" target=\"_blank\" rel=\"noopener noreferrer\">AP796-2020(57175).PDF<\/a><\/p>\n","protected":false},"excerpt":{"rendered":"<p>Competencia territorial, excepci\u00f3n cuando se trata de priorizar los derechos de un ni\u00f1o v\u00edctima de delito sexual. [AP796-2020 (57175)]<\/p>\n","protected":false},"author":12,"featured_media":0,"comment_status":"closed","ping_status":"closed","sticky":false,"template":"","format":"standard","meta":{"footnotes":""},"categories":[68],"tags":[2376,86,204,2373,71,170],"class_list":["post-32106","post","type-post","status-publish","format-standard","hentry","category-novedades","tag-ap796-202057175","tag-corte-suprema-de-justicia","tag-dra-patricia-salazar-cuellar","tag-juez-de-control-de-garantias","tag-sala-penal","tag-sistema-penal-acusatorio"],"_links":{"self":[{"href":"https:\/\/cortesuprema.gov.co\/corte\/index.php\/wp-json\/wp\/v2\/posts\/32106","targetHints":{"allow":["GET"]}}],"collection":[{"href":"https:\/\/cortesuprema.gov.co\/corte\/index.php\/wp-json\/wp\/v2\/posts"}],"about":[{"href":"https:\/\/cortesuprema.gov.co\/corte\/index.php\/wp-json\/wp\/v2\/types\/post"}],"author":[{"embeddable":true,"href":"https:\/\/cortesuprema.gov.co\/corte\/index.php\/wp-json\/wp\/v2\/users\/12"}],"replies":[{"embeddable":true,"href":"https:\/\/cortesuprema.gov.co\/corte\/index.php\/wp-json\/wp\/v2\/comments?post=32106"}],"version-history":[{"count":2,"href":"https:\/\/cortesuprema.gov.co\/corte\/index.php\/wp-json\/wp\/v2\/posts\/32106\/revisions"}],"predecessor-version":[{"id":32153,"href":"https:\/\/cortesuprema.gov.co\/corte\/index.php\/wp-json\/wp\/v2\/posts\/32106\/revisions\/32153"}],"wp:attachment":[{"href":"https:\/\/cortesuprema.gov.co\/corte\/index.php\/wp-json\/wp\/v2\/media?parent=32106"}],"wp:term":[{"taxonomy":"category","embeddable":true,"href":"https:\/\/cortesuprema.gov.co\/corte\/index.php\/wp-json\/wp\/v2\/categories?post=32106"},{"taxonomy":"post_tag","embeddable":true,"href":"https:\/\/cortesuprema.gov.co\/corte\/index.php\/wp-json\/wp\/v2\/tags?post=32106"}],"curies":[{"name":"wp","href":"https:\/\/api.w.org\/{rel}","templated":true}]}}