{"id":32691,"date":"2020-10-01T17:05:09","date_gmt":"2020-10-01T22:05:09","guid":{"rendered":"https:\/\/cortesuprema.gov.co\/corte\/?p=32691"},"modified":"2020-10-01T17:05:09","modified_gmt":"2020-10-01T22:05:09","slug":"violencia-intrafamiliar-antijuridicidad","status":"publish","type":"post","link":"https:\/\/cortesuprema.gov.co\/corte\/index.php\/2020\/10\/01\/violencia-intrafamiliar-antijuridicidad\/","title":{"rendered":"VIOLENCIA INTRAFAMILIAR \u2013 ANTIJURIDICIDAD"},"content":{"rendered":"<ul>\n<li>Lesividad, no se excluye por la soluci\u00f3n de los problemas de pareja o el desistimiento de la v\u00edctima de la acci\u00f3n administrativa. [SP922-2020 (50282)]<\/li>\n<\/ul>\n<p><!--more--><\/p>\n<hr \/>\n[spiderpowa-pdf src=\u00bbhttps:\/\/www.cortesuprema.gov.co\/corte\/wp-content\/uploads\/relatorias\/pe\/b2sep2020\/SP922-2020(50282).pdf\u00bb]\n<hr \/>\n<p>Descargue el documento aqu\u00ed:\u00a0<a href=\"https:\/\/www.cortesuprema.gov.co\/corte\/wp-content\/uploads\/relatorias\/pe\/b2sep2020\/SP922-2020(50282).pdf\" target=\"_blank\" rel=\"noopener noreferrer\">SP922-2020(50282).pdf<\/a><\/p>\n","protected":false},"excerpt":{"rendered":"<p>Lesividad, no se excluye por la soluci\u00f3n de los problemas de pareja o el desistimiento de la v\u00edctima de la acci\u00f3n administrativa. [SP922-2020 (50282)]<\/p>\n","protected":false},"author":12,"featured_media":0,"comment_status":"closed","ping_status":"closed","sticky":false,"template":"","format":"standard","meta":{"footnotes":""},"categories":[68],"tags":[242,86,1884,71,2390,312],"class_list":["post-32691","post","type-post","status-publish","format-standard","hentry","category-novedades","tag-antijuridicidad","tag-corte-suprema-de-justicia","tag-dr-jaime-humberto-moreno-acero","tag-sala-penal","tag-sp922-202050282","tag-violencia-intrafamiliar"],"_links":{"self":[{"href":"https:\/\/cortesuprema.gov.co\/corte\/index.php\/wp-json\/wp\/v2\/posts\/32691","targetHints":{"allow":["GET"]}}],"collection":[{"href":"https:\/\/cortesuprema.gov.co\/corte\/index.php\/wp-json\/wp\/v2\/posts"}],"about":[{"href":"https:\/\/cortesuprema.gov.co\/corte\/index.php\/wp-json\/wp\/v2\/types\/post"}],"author":[{"embeddable":true,"href":"https:\/\/cortesuprema.gov.co\/corte\/index.php\/wp-json\/wp\/v2\/users\/12"}],"replies":[{"embeddable":true,"href":"https:\/\/cortesuprema.gov.co\/corte\/index.php\/wp-json\/wp\/v2\/comments?post=32691"}],"version-history":[{"count":1,"href":"https:\/\/cortesuprema.gov.co\/corte\/index.php\/wp-json\/wp\/v2\/posts\/32691\/revisions"}],"predecessor-version":[{"id":32692,"href":"https:\/\/cortesuprema.gov.co\/corte\/index.php\/wp-json\/wp\/v2\/posts\/32691\/revisions\/32692"}],"wp:attachment":[{"href":"https:\/\/cortesuprema.gov.co\/corte\/index.php\/wp-json\/wp\/v2\/media?parent=32691"}],"wp:term":[{"taxonomy":"category","embeddable":true,"href":"https:\/\/cortesuprema.gov.co\/corte\/index.php\/wp-json\/wp\/v2\/categories?post=32691"},{"taxonomy":"post_tag","embeddable":true,"href":"https:\/\/cortesuprema.gov.co\/corte\/index.php\/wp-json\/wp\/v2\/tags?post=32691"}],"curies":[{"name":"wp","href":"https:\/\/api.w.org\/{rel}","templated":true}]}}