{"id":37753,"date":"2021-05-13T12:41:43","date_gmt":"2021-05-13T17:41:43","guid":{"rendered":"https:\/\/cortesuprema.gov.co\/corte\/?p=37753"},"modified":"2021-05-13T12:44:00","modified_gmt":"2021-05-13T17:44:00","slug":"corte-emite-concepto-favorable-para-la-extradicion-de-seuxis-paucias-hernandez","status":"publish","type":"post","link":"https:\/\/cortesuprema.gov.co\/corte\/index.php\/2021\/05\/13\/corte-emite-concepto-favorable-para-la-extradicion-de-seuxis-paucias-hernandez\/","title":{"rendered":"Corte emite concepto favorable para la extradici\u00f3n de Seuxis Paucias Hern\u00e1ndez"},"content":{"rendered":"<p align=\"justify\"><strong>Bogot\u00e1, D.C.,\u00a0jueves 13 de mayo de 2021.<\/strong>\u00a0La\u00a0Corte Suprema de Justicia emiti\u00f3 concepto favorable a la extradici\u00f3n del disidente guerrillero Seuxis Paucias Hern\u00e1ndez Solarte, alias \u2018Jes\u00fas Santrich\u2019, solicitada por el gobierno de los Estados Unidos para que comparezca en juicio por delitos de narcotr\u00e1fico ante la Corte para el Distrito Sur de Nueva York.<\/p>\n<p align=\"justify\">La providencia, emitida por la Sala de Casaci\u00f3n Penal del m\u00e1ximo tribunal de la jurisdicci\u00f3n ordinaria, determin\u00f3 la procedencia de la entrega del desertor armado del Acuerdo para la Paz firmado por el Gobierno Nacional con las Farc, porque, entre otras razones, las conductas de concierto para delinquir y tr\u00e1fico de estupefacientes que le son imputadas en el extranjero carecen de connotaci\u00f3n pol\u00edtica.<\/p>\n<p align=\"justify\">Seg\u00fan el pronunciamiento, la circunstancia de no encontrarse privado de la libertad, por decisi\u00f3n que en su momento adopt\u00f3 la Sala de Revisi\u00f3n de la Justicia Especial para la Paz, JEP, no inhibe a la Corte de conceptuar favorablemente, pues en el caso de los ciudadanos de nuestro pa\u00eds se presume su permanencia en suelo colombiano.<\/p>\n<p align=\"justify\">Hern\u00e1ndez Solarte es requerido por delitos de concierto para delinquir agravado y tr\u00e1fico de estupefacientes. Delitos que, de acuerdo con acusaci\u00f3n en su contra de la Corte Distrital de los Estados Unidos para el Distrito Sur de Nueva York, habr\u00edan sido cometidos entre junio del 2017 y abril del 2018, cuando presuntamente hizo parte de una organizaci\u00f3n de narcotr\u00e1fico que oper\u00f3 desde Colombia para el env\u00edo de coca\u00edna hacia los Estados Unidos.<\/p>\n<p align=\"justify\">Para la Corte, en el caso de Hern\u00e1ndez Solarte no opera la prohibici\u00f3n de extraditar a exintegrantes de la desmovilizada guerrilla de las Farc por cuenta del proceso de paz. Si bien la Sala de Revisi\u00f3n de la JEP activ\u00f3 esa garant\u00eda en una decisi\u00f3n del 15 de mayo del 2019, en su entonces condici\u00f3n de excombatiente, posteriormente en un auto del 13 de septiembre de ese mismo a\u00f1o la Secci\u00f3n de Apelaci\u00f3n del Tribunal para la Paz de la JEP lo declar\u00f3 como desertor armado manifiesto del proceso de paz. Esto lo llev\u00f3 a perder cualquier beneficio de la justicia transicional.<\/p>\n<p align=\"justify\">La Sala advierte que, de capturarse nuevamente, ya se contar\u00e1 con el concepto de extradici\u00f3n por parte de esta Corporaci\u00f3n, quedando entonces supeditada la utilizaci\u00f3n del mismo al momento en que sea aprehendido nuevamente en territorio nacional.<\/p>\n<p align=\"justify\">Consulte el contenido completo del CP074-2021:<\/p>\n[spiderpowa-pdf src=\u00bbhttps:\/\/cortesuprema.gov.co\/corte\/wp-content\/uploads\/2021\/05\/CP074-2021-1.pdf\u00bb]<a href=\"https:\/\/cortesuprema.gov.co\/corte\/wp-content\/uploads\/2021\/05\/CP074-2021-1.pdf\">CP074-2021<\/a><\/p>\n","protected":false},"excerpt":{"rendered":"<p>Bogot\u00e1, D.C.,\u00a0jueves 13 de mayo de 2021.\u00a0La\u00a0Corte Suprema de Justicia emiti\u00f3 concepto favorable a la extradici\u00f3n del disidente guerrillero Seuxis Paucias Hern\u00e1ndez Solarte, alias \u2018Jes\u00fas Santrich\u2019, solicitada por el gobierno de los Estados Unidos para que comparezca en juicio por delitos de narcotr\u00e1fico ante la Corte para el Distrito Sur de Nueva York. La providencia, &hellip; <a href=\"https:\/\/cortesuprema.gov.co\/corte\/index.php\/2021\/05\/13\/corte-emite-concepto-favorable-para-la-extradicion-de-seuxis-paucias-hernandez\/\" class=\"more-link\">Continuar leyendo<span class=\"screen-reader-text\"> \u00abCorte emite concepto favorable para la extradici\u00f3n de Seuxis Paucias Hern\u00e1ndez\u00bb<\/span><\/a><\/p>\n","protected":false},"author":28,"featured_media":37672,"comment_status":"closed","ping_status":"closed","sticky":false,"template":"","format":"standard","meta":{"footnotes":""},"categories":[27],"tags":[],"class_list":["post-37753","post","type-post","status-publish","format-standard","has-post-thumbnail","hentry","category-news"],"_links":{"self":[{"href":"https:\/\/cortesuprema.gov.co\/corte\/index.php\/wp-json\/wp\/v2\/posts\/37753","targetHints":{"allow":["GET"]}}],"collection":[{"href":"https:\/\/cortesuprema.gov.co\/corte\/index.php\/wp-json\/wp\/v2\/posts"}],"about":[{"href":"https:\/\/cortesuprema.gov.co\/corte\/index.php\/wp-json\/wp\/v2\/types\/post"}],"author":[{"embeddable":true,"href":"https:\/\/cortesuprema.gov.co\/corte\/index.php\/wp-json\/wp\/v2\/users\/28"}],"replies":[{"embeddable":true,"href":"https:\/\/cortesuprema.gov.co\/corte\/index.php\/wp-json\/wp\/v2\/comments?post=37753"}],"version-history":[{"count":1,"href":"https:\/\/cortesuprema.gov.co\/corte\/index.php\/wp-json\/wp\/v2\/posts\/37753\/revisions"}],"predecessor-version":[{"id":37755,"href":"https:\/\/cortesuprema.gov.co\/corte\/index.php\/wp-json\/wp\/v2\/posts\/37753\/revisions\/37755"}],"wp:featuredmedia":[{"embeddable":true,"href":"https:\/\/cortesuprema.gov.co\/corte\/index.php\/wp-json\/wp\/v2\/media\/37672"}],"wp:attachment":[{"href":"https:\/\/cortesuprema.gov.co\/corte\/index.php\/wp-json\/wp\/v2\/media?parent=37753"}],"wp:term":[{"taxonomy":"category","embeddable":true,"href":"https:\/\/cortesuprema.gov.co\/corte\/index.php\/wp-json\/wp\/v2\/categories?post=37753"},{"taxonomy":"post_tag","embeddable":true,"href":"https:\/\/cortesuprema.gov.co\/corte\/index.php\/wp-json\/wp\/v2\/tags?post=37753"}],"curies":[{"name":"wp","href":"https:\/\/api.w.org\/{rel}","templated":true}]}}