{"id":39535,"date":"2021-07-30T11:25:55","date_gmt":"2021-07-30T16:25:55","guid":{"rendered":"https:\/\/cortesuprema.gov.co\/corte\/?p=39535"},"modified":"2021-07-30T11:25:55","modified_gmt":"2021-07-30T16:25:55","slug":"accion-reivindicatoria-en-favor-de-la-comunidad-interpretacion-de-la-demanda-sala-de-casacion-civil-sc2354-2021","status":"publish","type":"post","link":"https:\/\/cortesuprema.gov.co\/corte\/index.php\/2021\/07\/30\/accion-reivindicatoria-en-favor-de-la-comunidad-interpretacion-de-la-demanda-sala-de-casacion-civil-sc2354-2021\/","title":{"rendered":"Acci\u00f3n reivindicatoria en favor de la comunidad &#8211; Interpretaci\u00f3n de la demanda-Sala de Casaci\u00f3n Civil-SC2354-2021"},"content":{"rendered":"<div>\n<p class=\"x_x_x_MsoNormal\">En la sentencia SC2354-2021, proferida por la Sala de Casaci\u00f3n Civil sobre\u00a0<span lang=\"ES-TRAD\">acci\u00f3n reivindicatoria<\/span>, se podr\u00e1n encontrar, entre otros temas los siguientes:<\/p>\n<p class=\"x_x_x_MsoNormal\">\u2714\ufe0f\u00a0Ejercicio de la acci\u00f3n reivindicatoria por algunos comuneros de una cosa singular en favor de la comunidad.<\/p>\n<p class=\"x_x_x_MsoNormal\"><span lang=\"ES\">\u2714\ufe0f\u00a0Interpretaci\u00f3n de la demanda: e<\/span><span lang=\"ES\">l<\/span>\u00a0hecho de que en la demanda no se se\u00f1ale -de forma expresa- que los demandantes act\u00faan en nombre y para beneficio de la comunidad, impone para el juzgador el despliegue de la tarea hermen\u00e9utica, con el prop\u00f3sito de blindar el derecho sustancial.<\/p>\n<p class=\"x_x_x_MsoNormal\"><span lang=\"ES\">\u2714\ufe0f\u00a0Para la restituci\u00f3n de una cosa singular indivisa perteneciente a varios propietarios, no es preciso que el que acude a la\u00a0<i>actio reivindicatio<\/i>, lo integren todos los comuneros, siendo suficiente que uno de ellos invoque la acci\u00f3n, en pro de la comunidad de la que hace parte. \u00a0<\/span><\/p>\n<p class=\"x_x_x_MsoNormal\">\u2714\ufe0f\u00a0La acci\u00f3n reivindicatoria en general y la reclamaci\u00f3n respecto de un bien com\u00fan en particular.<\/p>\n<p class=\"x_x_x_MsoNormal\"><span lang=\"ES\">\u2714\ufe0f\u00a0Distinci\u00f3n entre las acciones de los art\u00edculos 946 y 949 del C\u00f3digo Civil.\u00a0<\/span><\/p>\n<p class=\"x_x_x_MsoNormal\" align=\"center\"><span lang=\"ES\"><a title=\"Direcci\u00f3n URL original: https:\/\/cortesuprema.gov.co\/corte\/wp-content\/uploads\/2021\/07\/SC2354-2021-2012-00280-02.pdf. Haga clic o pulse si conf\u00eda en este v\u00ednculo.\" href=\"https:\/\/cortesuprema.gov.co\/corte\/wp-content\/uploads\/2021\/07\/SC2354-2021-2012-00280-02.pdf\" target=\"_blank\" rel=\"noopener noreferrer\" data-auth=\"Verified\" data-linkindex=\"0\">SC2354-2021<\/a><\/span><\/p>\n<div class=\"x_x_x_MsoNormal\"><\/div>\n<\/div>\n[spiderpowa-pdf src=\u00bbhttps:\/\/cortesuprema.gov.co\/corte\/wp-content\/uploads\/2021\/07\/SC2354-2021-2012-00280-02.pdf\u00bb]\n","protected":false},"excerpt":{"rendered":"<p>En la sentencia SC2354-2021, proferida por la Sala de Casaci\u00f3n Civil sobre\u00a0acci\u00f3n reivindicatoria, se podr\u00e1n encontrar, entre otros temas los siguientes: \u2714\ufe0f\u00a0Ejercicio de la acci\u00f3n reivindicatoria por algunos comuneros de una cosa singular en favor de la comunidad. \u2714\ufe0f\u00a0Interpretaci\u00f3n de la demanda: el\u00a0hecho de que en la demanda no se se\u00f1ale -de forma expresa- que &hellip; <a href=\"https:\/\/cortesuprema.gov.co\/corte\/index.php\/2021\/07\/30\/accion-reivindicatoria-en-favor-de-la-comunidad-interpretacion-de-la-demanda-sala-de-casacion-civil-sc2354-2021\/\" class=\"more-link\">Continuar leyendo<span class=\"screen-reader-text\"> \u00abAcci\u00f3n reivindicatoria en favor de la comunidad &#8211; Interpretaci\u00f3n de la demanda-Sala de Casaci\u00f3n Civil-SC2354-2021\u00bb<\/span><\/a><\/p>\n","protected":false},"author":38,"featured_media":0,"comment_status":"closed","ping_status":"closed","sticky":false,"template":"","format":"standard","meta":{"footnotes":""},"categories":[68],"tags":[796,714,249],"class_list":["post-39535","post","type-post","status-publish","format-standard","hentry","category-novedades","tag-accion-reivindicatoria","tag-dr-alvaro-fernando-garcia-restrepo","tag-sala-civil"],"_links":{"self":[{"href":"https:\/\/cortesuprema.gov.co\/corte\/index.php\/wp-json\/wp\/v2\/posts\/39535","targetHints":{"allow":["GET"]}}],"collection":[{"href":"https:\/\/cortesuprema.gov.co\/corte\/index.php\/wp-json\/wp\/v2\/posts"}],"about":[{"href":"https:\/\/cortesuprema.gov.co\/corte\/index.php\/wp-json\/wp\/v2\/types\/post"}],"author":[{"embeddable":true,"href":"https:\/\/cortesuprema.gov.co\/corte\/index.php\/wp-json\/wp\/v2\/users\/38"}],"replies":[{"embeddable":true,"href":"https:\/\/cortesuprema.gov.co\/corte\/index.php\/wp-json\/wp\/v2\/comments?post=39535"}],"version-history":[{"count":1,"href":"https:\/\/cortesuprema.gov.co\/corte\/index.php\/wp-json\/wp\/v2\/posts\/39535\/revisions"}],"predecessor-version":[{"id":39536,"href":"https:\/\/cortesuprema.gov.co\/corte\/index.php\/wp-json\/wp\/v2\/posts\/39535\/revisions\/39536"}],"wp:attachment":[{"href":"https:\/\/cortesuprema.gov.co\/corte\/index.php\/wp-json\/wp\/v2\/media?parent=39535"}],"wp:term":[{"taxonomy":"category","embeddable":true,"href":"https:\/\/cortesuprema.gov.co\/corte\/index.php\/wp-json\/wp\/v2\/categories?post=39535"},{"taxonomy":"post_tag","embeddable":true,"href":"https:\/\/cortesuprema.gov.co\/corte\/index.php\/wp-json\/wp\/v2\/tags?post=39535"}],"curies":[{"name":"wp","href":"https:\/\/api.w.org\/{rel}","templated":true}]}}