{"id":39698,"date":"2021-08-05T15:14:03","date_gmt":"2021-08-05T20:14:03","guid":{"rendered":"https:\/\/cortesuprema.gov.co\/corte\/?p=39698"},"modified":"2021-08-05T15:14:03","modified_gmt":"2021-08-05T20:14:03","slug":"corte-condena-a-100-meses-de-prision-al-exsenador-bernardo-miguel-elias","status":"publish","type":"post","link":"https:\/\/cortesuprema.gov.co\/corte\/index.php\/2021\/08\/05\/corte-condena-a-100-meses-de-prision-al-exsenador-bernardo-miguel-elias\/","title":{"rendered":"Corte condena a 100 meses de prisi\u00f3n al exsenador Bernardo Miguel El\u00edas"},"content":{"rendered":"<p align=\"justify\"><strong>Bogot\u00e1, D.C., jueves 5 de agosto de 2021.<\/strong> Mediante sentencia anticipada por aceptaci\u00f3n voluntaria de cargos, la Sala Especial de Primera Instancia de la Corte Suprema de Justicia conden\u00f3 al exsenador Bernardo Miguel El\u00edas Vidal como coautor penalmente responsable de los delitos de concierto para delinquir agravado en concurso heterog\u00e9neo con el il\u00edcito de lavado de activos, a una pena de 8 a\u00f1os y 4 meses de prisi\u00f3n en establecimiento carcelario y multa de 15.008 salarios m\u00ednimos legales mensuales vigentes.<\/p>\n<p align=\"justify\">Los hechos de esta nueva sentencia del m\u00e1ximo tribunal de la jurisdicci\u00f3n ordinaria contra el excongresista tambi\u00e9n se enmarcan en el conocido \u201cesc\u00e1ndalo de corrupci\u00f3n de<em> Odebrecht<\/em>\u201d, multinacional de origen brasile\u00f1o que se interes\u00f3 en realizar obras de infraestructura en Colombia y que, dentro de sus pr\u00e1cticas corruptas, implement\u00f3 estrategias como la cooptaci\u00f3n de servidores p\u00fablicos que tuvieran capacidad de influir en las decisiones atinentes a la asignaci\u00f3n y desarrollo de contratos de su inter\u00e9s.<\/p>\n<p align=\"justify\">Para la Sala qued\u00f3 claro que, tras haber obtenido los resultados de su primera gesti\u00f3n a favor de <em>Odebrecht<\/em> relativa a la firma del contrato de estabilidad jur\u00eddica, el exsenador El\u00edas Vidal prosigui\u00f3 en la ejecuci\u00f3n com\u00fan de actividades delictivas a favor de la organizaci\u00f3n, conducta que demuestra su \u00e1nimo de permanencia en el tiempo en servicio a la organizaci\u00f3n criminal para cometer m\u00faltiples e indeterminados delitos, todos ellos manteniendo como su norte la consecuci\u00f3n a ultranza de los prop\u00f3sitos contractuales de la firma extranjera, con la mediaci\u00f3n de sobornos a funcionarios p\u00fablicos, siempre cobijados por la subrepticia f\u00f3rmula de circulaci\u00f3n monetaria construida por la compa\u00f1\u00eda, pero conocida y empleada por todos quienes intervinieron en tal devenir.<\/p>\n<p align=\"justify\">As\u00ed mismo, teniendo en cuenta el origen de los recursos y la forma en la que estos, siguiendo las instrucciones del exsenador, llegaron a sus manos o ingresaron al patrimonio de terceros, de una parte, as\u00ed como de la inconsistencia entre la fuente de ingresos declarada por este y la superaci\u00f3n de sus egresos que fueron debidamente asumidos, de otra, se infiere que, adem\u00e1s de contribuir a dar apariencia de legalidad a los recursos percibidos, intervino en el ocultamiento de su origen, naturaleza y destino, el que a la fecha no ha sido posible establecer, dando ello lugar al delito de lavado de activos.<\/p>\n<p align=\"justify\">Finalmente, la Sala dispuso que, a manera de reparaci\u00f3n simb\u00f3lica, el condenado El\u00edas Vidal ofrezca p\u00fablicamente disculpas a favor de la Agencia Nacional de Infraestructura, en audiencia y a trav\u00e9s de un diario de amplia circulaci\u00f3n nacional.<\/p>\n<p>Consulte aqu\u00ed el contenido completo del auto SEP00076-2021:<\/p>\n[spiderpowa-pdf src=\u00bbhttps:\/\/cortesuprema.gov.co\/corte\/wp-content\/uploads\/2021\/08\/SEP00076-2021-1.pdf\u00bb]<a href=\"https:\/\/cortesuprema.gov.co\/corte\/wp-content\/uploads\/2021\/08\/SEP00076-2021-1.pdf\">SEP00076-2021 (1)<\/a><\/p>\n","protected":false},"excerpt":{"rendered":"<p>Bogot\u00e1, D.C., jueves 5 de agosto de 2021. Mediante sentencia anticipada por aceptaci\u00f3n voluntaria de cargos, la Sala Especial de Primera Instancia de la Corte Suprema de Justicia conden\u00f3 al exsenador Bernardo Miguel El\u00edas Vidal como coautor penalmente responsable de los delitos de concierto para delinquir agravado en concurso heterog\u00e9neo con el il\u00edcito de lavado &hellip; <a href=\"https:\/\/cortesuprema.gov.co\/corte\/index.php\/2021\/08\/05\/corte-condena-a-100-meses-de-prision-al-exsenador-bernardo-miguel-elias\/\" class=\"more-link\">Continuar leyendo<span class=\"screen-reader-text\"> \u00abCorte condena a 100 meses de prisi\u00f3n al exsenador Bernardo Miguel El\u00edas\u00bb<\/span><\/a><\/p>\n","protected":false},"author":28,"featured_media":29496,"comment_status":"closed","ping_status":"closed","sticky":false,"template":"","format":"standard","meta":{"footnotes":""},"categories":[27],"tags":[],"class_list":["post-39698","post","type-post","status-publish","format-standard","has-post-thumbnail","hentry","category-news"],"_links":{"self":[{"href":"https:\/\/cortesuprema.gov.co\/corte\/index.php\/wp-json\/wp\/v2\/posts\/39698","targetHints":{"allow":["GET"]}}],"collection":[{"href":"https:\/\/cortesuprema.gov.co\/corte\/index.php\/wp-json\/wp\/v2\/posts"}],"about":[{"href":"https:\/\/cortesuprema.gov.co\/corte\/index.php\/wp-json\/wp\/v2\/types\/post"}],"author":[{"embeddable":true,"href":"https:\/\/cortesuprema.gov.co\/corte\/index.php\/wp-json\/wp\/v2\/users\/28"}],"replies":[{"embeddable":true,"href":"https:\/\/cortesuprema.gov.co\/corte\/index.php\/wp-json\/wp\/v2\/comments?post=39698"}],"version-history":[{"count":1,"href":"https:\/\/cortesuprema.gov.co\/corte\/index.php\/wp-json\/wp\/v2\/posts\/39698\/revisions"}],"predecessor-version":[{"id":39700,"href":"https:\/\/cortesuprema.gov.co\/corte\/index.php\/wp-json\/wp\/v2\/posts\/39698\/revisions\/39700"}],"wp:featuredmedia":[{"embeddable":true,"href":"https:\/\/cortesuprema.gov.co\/corte\/index.php\/wp-json\/wp\/v2\/media\/29496"}],"wp:attachment":[{"href":"https:\/\/cortesuprema.gov.co\/corte\/index.php\/wp-json\/wp\/v2\/media?parent=39698"}],"wp:term":[{"taxonomy":"category","embeddable":true,"href":"https:\/\/cortesuprema.gov.co\/corte\/index.php\/wp-json\/wp\/v2\/categories?post=39698"},{"taxonomy":"post_tag","embeddable":true,"href":"https:\/\/cortesuprema.gov.co\/corte\/index.php\/wp-json\/wp\/v2\/tags?post=39698"}],"curies":[{"name":"wp","href":"https:\/\/api.w.org\/{rel}","templated":true}]}}