{"id":40437,"date":"2021-08-31T17:43:54","date_gmt":"2021-08-31T22:43:54","guid":{"rendered":"https:\/\/cortesuprema.gov.co\/corte\/?p=40437"},"modified":"2021-09-08T09:15:21","modified_gmt":"2021-09-08T14:15:21","slug":"pretension-indemnizatoria-por-responsabilidad-ambiental-estudio-de-la-relacion-causal-entre-la-infraccion-de-normas-ambientales-y-el-dano-causado-por-inundaciones-en-cultivo-de-especies-florales-sala","status":"publish","type":"post","link":"https:\/\/cortesuprema.gov.co\/corte\/index.php\/2021\/08\/31\/pretension-indemnizatoria-por-responsabilidad-ambiental-estudio-de-la-relacion-causal-entre-la-infraccion-de-normas-ambientales-y-el-dano-causado-por-inundaciones-en-cultivo-de-especies-florales-sala\/","title":{"rendered":"Pretensi\u00f3n indemnizatoria por responsabilidad ambiental: estudio de la relaci\u00f3n causal entre la infracci\u00f3n de normas ambientales y el da\u00f1o causado por inundaciones en cultivo de especies florales [Sala de Casaci\u00f3n Civil SC3460-2021]"},"content":{"rendered":"<div>\n<div align=\"center\">\n<div align=\"center\">\n<div class=\"x_x_x_x_x_x_x_MsoNormal\">\n<p style=\"text-align: left;\">En la sentencia SC3460-2021, proferida por la Sala de Casaci\u00f3n Civil sobre responsabilidad ambiental, se podr\u00e1 encontrar, entre otros temas los siguientes:<\/p>\n<p style=\"text-align: left;\">\u2714<span lang=\"en-US\">\ufe0f<\/span><span lang=\"en-US\">\u00a0<\/span><span lang=\"es\">Pretensi\u00f3n indemnizatoria a<\/span>nte inundaciones en cultivo de especies florales de la demandante -tras alterarse el ecosistema de la zona- con la construcci\u00f3n de proyectos urban\u00edsticos independientes en los inmuebles de propiedad de los demandados.<\/p>\n<p style=\"text-align: left;\">\u2714<span lang=\"en-US\">\ufe0f<\/span><span lang=\"en-US\">\u00a0<\/span>Ausencia de acreditaci\u00f3n de la causa relevante entre la infracci\u00f3n de las normas ambientales y el da\u00f1o causado por las anegaciones en distintas \u00e9pocas, que terminaron arrasando los cultivos de flores de la demandante.<\/p>\n<p style=\"text-align: left;\">\u2714<span lang=\"en-US\">\ufe0f<\/span><span lang=\"en-US\">\u00a0<\/span>Modo de resolver los problemas del nexo causal en su aspecto normativo, cuando hay concurrencia de causas.<\/p>\n<p style=\"text-align: left;\">\u2714<span lang=\"en-US\">\ufe0f<\/span><span lang=\"en-US\">\u00a0<\/span>En asuntos medioambientales, lo m\u00e1s com\u00fan son los fen\u00f3menos pluricausales o concausales.<\/p>\n<p style=\"text-align: left;\">\u2714<span lang=\"en-US\">\ufe0f<\/span><span lang=\"en-US\">\u00a0<\/span>La regularidad en que ocurren, las reglas de experiencia y la probabilidad, inclusive la previsibilidad, son cuestiones que sirven para determinar, en la doctrina de la causalidad adecuada, cu\u00e1l o cu\u00e1les pueden adoptar la categor\u00eda jur\u00eddica de causa en un momento dado.<\/p>\n<p style=\"text-align: left;\">\u2714<span lang=\"en-US\">\ufe0f<\/span><span lang=\"en-US\">\u00a0<\/span>Nexo causal:\u00a0en cualquier tipo de responsabilidad se requiere de comprobaci\u00f3n, por los diferentes medios de convicci\u00f3n.<\/p>\n<p style=\"text-align: left;\">\u2714<span lang=\"en-US\">\ufe0f<\/span><span lang=\"en-US\">\u00a0<\/span>Evaluaci\u00f3n de la tala ilegal de bosque nativo, los movimientos de tierra no autorizados, la erosi\u00f3n del propio estanque y la falta de mantenimiento de lagos, como fuentes contaminantes que contribuyeron en la destrucci\u00f3n del lago y los da\u00f1os reclamados.<\/p>\n<p style=\"text-align: left;\">\u2714<span lang=\"en-US\">\ufe0f<\/span><span lang=\"en-US\">\u00a0<\/span>Precisiones sobre la teor\u00eda de la causalidad adecuada y de la teor\u00eda de \u201c<i>la conditio sine qua non<\/i>\u201d en la Jurisprudencia de la Corte.<\/p>\n<p style=\"text-align: left;\">\u2714<span lang=\"en-US\">\ufe0f<\/span><span lang=\"en-US\">\u00a0<\/span>Este tipo de responsabilidad objetiva, adem\u00e1s del componente pol\u00edtico y jur\u00eddico, tiene esencialmente un contenido \u00e9tico al relacionarse directamente con la dignidad humana y la vida misma.<\/p>\n<p style=\"text-align: left;\">\u2714<span lang=\"en-US\">\ufe0f<\/span><span lang=\"en-US\">\u00a0<\/span>Se liga con el principio de solidaridad intergeneracional, demanda proteger los derechos fundamentales de las generaciones presentes, y las futuras por v\u00eda de un desarrollo sostenible.<\/p>\n<p align=\"center\"><a title=\"Direcci\u00f3n URL original: https:\/\/cortesuprema.gov.co\/corte\/wp-content\/uploads\/2021\/08\/SC3460-2021-2015-00658-01.pdf. Haga clic o pulse si conf\u00eda en este v\u00ednculo.\" href=\"https:\/\/nam02.safelinks.protection.outlook.com\/?url=https%3A%2F%2Fcortesuprema.gov.co%2Fcorte%2Fwp-content%2Fuploads%2F2021%2F08%2FSC3460-2021-2015-00658-01.pdf&amp;data=04%7C01%7Cfallongf%40cortesuprema.gov.co%7Ccc4f271b87a840c689cf08d966ff3891%7C622cba9880f841f38df58eb99901598b%7C0%7C0%7C637654073694421993%7CUnknown%7CTWFpbGZsb3d8eyJWIjoiMC4wLjAwMDAiLCJQIjoiV2luMzIiLCJBTiI6Ik1haWwiLCJXVCI6Mn0%3D%7C1000&amp;sdata=xD2xoQXkpHCGjGhFEekc7ubWO65bIVFHRyILRq8MjpA%3D&amp;reserved=0\" target=\"_blank\" rel=\"noopener noreferrer\" data-auth=\"Verified\" data-linkindex=\"0\">En SC3460-2021<\/a><\/p>\n<\/div>\n<\/div>\n<\/div>\n<\/div>\n[spiderpowa-pdf src=\u00bbhttps:\/\/cortesuprema.gov.co\/corte\/wp-content\/uploads\/2021\/08\/SC3460-2021-2015-00658-01.pdf\u00bb]\n","protected":false},"excerpt":{"rendered":"<p>En la sentencia SC3460-2021, proferida por la Sala de Casaci\u00f3n Civil sobre responsabilidad ambiental, se podr\u00e1 encontrar, entre otros temas los siguientes: \u2714\ufe0f\u00a0Pretensi\u00f3n indemnizatoria ante inundaciones en cultivo de especies florales de la demandante -tras alterarse el ecosistema de la zona- con la construcci\u00f3n de proyectos urban\u00edsticos independientes en los inmuebles de propiedad de los &hellip; <a href=\"https:\/\/cortesuprema.gov.co\/corte\/index.php\/2021\/08\/31\/pretension-indemnizatoria-por-responsabilidad-ambiental-estudio-de-la-relacion-causal-entre-la-infraccion-de-normas-ambientales-y-el-dano-causado-por-inundaciones-en-cultivo-de-especies-florales-sala\/\" class=\"more-link\">Continuar leyendo<span class=\"screen-reader-text\"> \u00abPretensi\u00f3n indemnizatoria por responsabilidad ambiental: estudio de la relaci\u00f3n causal entre la infracci\u00f3n de normas ambientales y el da\u00f1o causado por inundaciones en cultivo de especies florales [Sala de Casaci\u00f3n Civil SC3460-2021]\u00bb<\/span><\/a><\/p>\n","protected":false},"author":38,"featured_media":0,"comment_status":"closed","ping_status":"closed","sticky":false,"template":"","format":"standard","meta":{"footnotes":""},"categories":[68],"tags":[671,2542,249],"class_list":["post-40437","post","type-post","status-publish","format-standard","hentry","category-novedades","tag-dr-luis-armando-tolosa-villabona","tag-responsabilidad-ambiental","tag-sala-civil"],"_links":{"self":[{"href":"https:\/\/cortesuprema.gov.co\/corte\/index.php\/wp-json\/wp\/v2\/posts\/40437","targetHints":{"allow":["GET"]}}],"collection":[{"href":"https:\/\/cortesuprema.gov.co\/corte\/index.php\/wp-json\/wp\/v2\/posts"}],"about":[{"href":"https:\/\/cortesuprema.gov.co\/corte\/index.php\/wp-json\/wp\/v2\/types\/post"}],"author":[{"embeddable":true,"href":"https:\/\/cortesuprema.gov.co\/corte\/index.php\/wp-json\/wp\/v2\/users\/38"}],"replies":[{"embeddable":true,"href":"https:\/\/cortesuprema.gov.co\/corte\/index.php\/wp-json\/wp\/v2\/comments?post=40437"}],"version-history":[{"count":2,"href":"https:\/\/cortesuprema.gov.co\/corte\/index.php\/wp-json\/wp\/v2\/posts\/40437\/revisions"}],"predecessor-version":[{"id":40638,"href":"https:\/\/cortesuprema.gov.co\/corte\/index.php\/wp-json\/wp\/v2\/posts\/40437\/revisions\/40638"}],"wp:attachment":[{"href":"https:\/\/cortesuprema.gov.co\/corte\/index.php\/wp-json\/wp\/v2\/media?parent=40437"}],"wp:term":[{"taxonomy":"category","embeddable":true,"href":"https:\/\/cortesuprema.gov.co\/corte\/index.php\/wp-json\/wp\/v2\/categories?post=40437"},{"taxonomy":"post_tag","embeddable":true,"href":"https:\/\/cortesuprema.gov.co\/corte\/index.php\/wp-json\/wp\/v2\/tags?post=40437"}],"curies":[{"name":"wp","href":"https:\/\/api.w.org\/{rel}","templated":true}]}}