{"id":40439,"date":"2021-08-31T17:52:04","date_gmt":"2021-08-31T22:52:04","guid":{"rendered":"https:\/\/cortesuprema.gov.co\/corte\/?p=40439"},"modified":"2021-09-08T09:14:36","modified_gmt":"2021-09-08T14:14:36","slug":"union-marital-de-hecho-capacidad-para-conformar-la-union-del-companero-demandante-que-al-inicio-de-la-union-contaba-con-catorce-anos-y-ocho-meses-sala-de-casacion-civil-sc3535-2021","status":"publish","type":"post","link":"https:\/\/cortesuprema.gov.co\/corte\/index.php\/2021\/08\/31\/union-marital-de-hecho-capacidad-para-conformar-la-union-del-companero-demandante-que-al-inicio-de-la-union-contaba-con-catorce-anos-y-ocho-meses-sala-de-casacion-civil-sc3535-2021\/","title":{"rendered":"Uni\u00f3n marital de hecho: capacidad para conformar la uni\u00f3n del compa\u00f1ero demandante que -al inicio de la uni\u00f3n- contaba con catorce a\u00f1os y ocho meses [Sala de Casaci\u00f3n Civil SC3535-2021]"},"content":{"rendered":"<div>\n<div align=\"center\">\n<div align=\"center\">\n<div class=\"x_x_x_x_x_x_x_MsoNormal\">\n<p style=\"text-align: left;\">En la sentencia SC3535-2021, proferida por la Sala de Casaci\u00f3n Civil sobre uni\u00f3n marital de hecho, se podr\u00e1 encontrar, entre otros temas los siguientes:<\/p>\n<p style=\"text-align: left;\">\u2714<span lang=\"en-US\">\ufe0f<\/span><span lang=\"en-US\">\u00a0<\/span>Capacidad para conformar la uni\u00f3n: del compa\u00f1ero\u00a0demandante que -al inicio de la uni\u00f3n- contaba con catorce a\u00f1os y ocho meses.<\/p>\n<p style=\"text-align: left;\">\u2714<span lang=\"en-US\">\ufe0f<\/span><span lang=\"en-US\">\u00a0<\/span>El permiso para que los menores de dieciocho a\u00f1os y mayores de catorce a\u00f1os puedan contraer nupcias no es predicable de la uni\u00f3n marital de hecho.<\/p>\n<p style=\"text-align: left;\">\u2714<span lang=\"en-US\">\ufe0f<\/span><span lang=\"en-US\">\u00a0<\/span>Apreciaci\u00f3n de la tacha de sospecha -por parentesco- de la prueba testimonial de los padres y abuelos.<\/p>\n<p style=\"text-align: left;\">\u2714<span lang=\"en-US\">\ufe0f<\/span><span lang=\"en-US\">\u00a0<\/span>La acepci\u00f3n<i>\u00a0<\/i><i>\u00abnegocio jur\u00eddico<\/i>\u00bb debe entenderse, desde un punto de vista pr\u00e1ctico \u2013y para todos sus efectos-, como sin\u00f3nima de\u00a0<i>\u00abacto jur\u00eddico\u00bb.<\/i><i>\u00a0\u00a0<\/i>Distinci\u00f3n a partir de la evoluci\u00f3n hist\u00f3rica comparada<i>. \u00a0<\/i><\/p>\n<p align=\"center\"><a title=\"Direcci\u00f3n URL original: https:\/\/cortesuprema.gov.co\/corte\/wp-content\/uploads\/2021\/08\/SC3535-2021.pdf. Haga clic o pulse si conf\u00eda en este v\u00ednculo.\" href=\"https:\/\/nam02.safelinks.protection.outlook.com\/?url=https%3A%2F%2Fcortesuprema.gov.co%2Fcorte%2Fwp-content%2Fuploads%2F2021%2F08%2FSC3535-2021.pdf&amp;data=04%7C01%7Cfallongf%40cortesuprema.gov.co%7C284fae91310344d4fa6908d968918088%7C622cba9880f841f38df58eb99901598b%7C0%7C0%7C637655825508236715%7CUnknown%7CTWFpbGZsb3d8eyJWIjoiMC4wLjAwMDAiLCJQIjoiV2luMzIiLCJBTiI6Ik1haWwiLCJXVCI6Mn0%3D%7C1000&amp;sdata=FnkkmVHJoN%2F%2BQ4psTStHDkU7wViKQdw1i1t2TBe%2B52I%3D&amp;reserved=0\" target=\"_blank\" rel=\"noopener noreferrer\" data-auth=\"Verified\" data-linkindex=\"0\">En SC3535-2021<\/a><\/p>\n<\/div>\n<\/div>\n<\/div>\n<\/div>\n[spiderpowa-pdf src=\u00bbhttps:\/\/cortesuprema.gov.co\/corte\/wp-content\/uploads\/2021\/08\/SC3535-2021.pdf\u00bb]\n","protected":false},"excerpt":{"rendered":"<p>En la sentencia SC3535-2021, proferida por la Sala de Casaci\u00f3n Civil sobre uni\u00f3n marital de hecho, se podr\u00e1 encontrar, entre otros temas los siguientes: \u2714\ufe0f\u00a0Capacidad para conformar la uni\u00f3n: del compa\u00f1ero\u00a0demandante que -al inicio de la uni\u00f3n- contaba con catorce a\u00f1os y ocho meses. \u2714\ufe0f\u00a0El permiso para que los menores de dieciocho a\u00f1os y mayores &hellip; <a href=\"https:\/\/cortesuprema.gov.co\/corte\/index.php\/2021\/08\/31\/union-marital-de-hecho-capacidad-para-conformar-la-union-del-companero-demandante-que-al-inicio-de-la-union-contaba-con-catorce-anos-y-ocho-meses-sala-de-casacion-civil-sc3535-2021\/\" class=\"more-link\">Continuar leyendo<span class=\"screen-reader-text\"> \u00abUni\u00f3n marital de hecho: capacidad para conformar la uni\u00f3n del compa\u00f1ero demandante que -al inicio de la uni\u00f3n- contaba con catorce a\u00f1os y ocho meses [Sala de Casaci\u00f3n Civil SC3535-2021]\u00bb<\/span><\/a><\/p>\n","protected":false},"author":38,"featured_media":0,"comment_status":"closed","ping_status":"closed","sticky":false,"template":"","format":"standard","meta":{"footnotes":""},"categories":[68],"tags":[671,249,873],"class_list":["post-40439","post","type-post","status-publish","format-standard","hentry","category-novedades","tag-dr-luis-armando-tolosa-villabona","tag-sala-civil","tag-union-marital-de-hecho"],"_links":{"self":[{"href":"https:\/\/cortesuprema.gov.co\/corte\/index.php\/wp-json\/wp\/v2\/posts\/40439","targetHints":{"allow":["GET"]}}],"collection":[{"href":"https:\/\/cortesuprema.gov.co\/corte\/index.php\/wp-json\/wp\/v2\/posts"}],"about":[{"href":"https:\/\/cortesuprema.gov.co\/corte\/index.php\/wp-json\/wp\/v2\/types\/post"}],"author":[{"embeddable":true,"href":"https:\/\/cortesuprema.gov.co\/corte\/index.php\/wp-json\/wp\/v2\/users\/38"}],"replies":[{"embeddable":true,"href":"https:\/\/cortesuprema.gov.co\/corte\/index.php\/wp-json\/wp\/v2\/comments?post=40439"}],"version-history":[{"count":2,"href":"https:\/\/cortesuprema.gov.co\/corte\/index.php\/wp-json\/wp\/v2\/posts\/40439\/revisions"}],"predecessor-version":[{"id":40637,"href":"https:\/\/cortesuprema.gov.co\/corte\/index.php\/wp-json\/wp\/v2\/posts\/40439\/revisions\/40637"}],"wp:attachment":[{"href":"https:\/\/cortesuprema.gov.co\/corte\/index.php\/wp-json\/wp\/v2\/media?parent=40439"}],"wp:term":[{"taxonomy":"category","embeddable":true,"href":"https:\/\/cortesuprema.gov.co\/corte\/index.php\/wp-json\/wp\/v2\/categories?post=40439"},{"taxonomy":"post_tag","embeddable":true,"href":"https:\/\/cortesuprema.gov.co\/corte\/index.php\/wp-json\/wp\/v2\/tags?post=40439"}],"curies":[{"name":"wp","href":"https:\/\/api.w.org\/{rel}","templated":true}]}}