{"id":42554,"date":"2021-10-25T10:24:31","date_gmt":"2021-10-25T15:24:31","guid":{"rendered":"https:\/\/cortesuprema.gov.co\/corte\/?p=42554"},"modified":"2021-10-25T10:24:31","modified_gmt":"2021-10-25T15:24:31","slug":"ley-de-infancia-y-adolescencia-improcedencia-de-rebajas-punitivas-del-articulo-199-de-la-ley-1098-para-su-aplicacion-es-necesario-que-el-acusado-conozca-al-momento-de-los-hechos-que-la-victima-era","status":"publish","type":"post","link":"https:\/\/cortesuprema.gov.co\/corte\/index.php\/2021\/10\/25\/ley-de-infancia-y-adolescencia-improcedencia-de-rebajas-punitivas-del-articulo-199-de-la-ley-1098-para-su-aplicacion-es-necesario-que-el-acusado-conozca-al-momento-de-los-hechos-que-la-victima-era\/","title":{"rendered":"LEY DE INFANCIA Y ADOLESCENCIA &#8211; Improcedencia de rebajas punitivas del art\u00edculo 199 de la Ley 1098: para su aplicaci\u00f3n es necesario que el acusado conozca al momento de los hechos que la v\u00edctima era un menor de edad"},"content":{"rendered":"<ul>\n<li style=\"text-align: justify;\">Al resolver una demanda de casaci\u00f3n la Sala ratifica la prohibici\u00f3n de conceder beneficios penales a los condenados por delitos contra menores de edad, de acuerdo al art\u00edculo 199 de la Ley 1098, sin embargo, ratifica el requisito de conocimiento de la minor\u00eda de edad del sujeto pasivo al momento de cometerse el delito, por parte del victimario, para que se pueda aplicar esta prohibici\u00f3n. [SP3955-2021(59206)]<\/li>\n<\/ul>\n<p><!--more--><\/p>\n<hr \/>\n[spiderpowa-pdf src=\u00bbhttps:\/\/cortesuprema.gov.co\/corte\/wp-content\/uploads\/relatorias\/pe\/b1oct2021\/SP3955-2021(59206).pdf\u00bb]\n<hr \/>\n<p><strong>Descargue el documento aqu\u00ed: <a href=\"https:\/\/cortesuprema.gov.co\/corte\/wp-content\/uploads\/relatorias\/pe\/b1oct2021\/SP3955-2021(59206).pdf\" target=\"_blank\" rel=\"noopener noreferrer\">SP3955-2021(59206).pdf<\/a><\/strong><\/p>\n","protected":false},"excerpt":{"rendered":"<p>Al resolver una demanda de casaci\u00f3n la Sala ratifica la prohibici\u00f3n de conceder beneficios penales a los condenados por delitos contra menores de edad, de acuerdo al art\u00edculo 199 de la Ley 1098, sin embargo, ratifica el requisito de conocimiento de la minor\u00eda de edad del sujeto pasivo al momento de cometerse el delito, por &hellip; <a href=\"https:\/\/cortesuprema.gov.co\/corte\/index.php\/2021\/10\/25\/ley-de-infancia-y-adolescencia-improcedencia-de-rebajas-punitivas-del-articulo-199-de-la-ley-1098-para-su-aplicacion-es-necesario-que-el-acusado-conozca-al-momento-de-los-hechos-que-la-victima-era\/\" class=\"more-link\">Continuar leyendo<span class=\"screen-reader-text\"> \u00abLEY DE INFANCIA Y ADOLESCENCIA &#8211; Improcedencia de rebajas punitivas del art\u00edculo 199 de la Ley 1098: para su aplicaci\u00f3n es necesario que el acusado conozca al momento de los hechos que la v\u00edctima era un menor de edad\u00bb<\/span><\/a><\/p>\n","protected":false},"author":12,"featured_media":0,"comment_status":"closed","ping_status":"closed","sticky":false,"template":"","format":"standard","meta":{"footnotes":""},"categories":[68],"tags":[86,293,2579,2578,2580,71,2581],"class_list":["post-42554","post","type-post","status-publish","format-standard","hentry","category-novedades","tag-corte-suprema-de-justicia","tag-dr-eyder-patino-cabrera","tag-improcedencia-de-rebajas-punitivas-del-articulo-199-de-la-ley-1098","tag-ley-de-infancia-y-adolescencia","tag-para-su-aplicacion-es-necesario-que-el-acusado-conozca-al-momento-de-los-hechos-que-la-victima-era-un-menor-de-edad","tag-sala-penal","tag-sp3955-202159206"],"_links":{"self":[{"href":"https:\/\/cortesuprema.gov.co\/corte\/index.php\/wp-json\/wp\/v2\/posts\/42554","targetHints":{"allow":["GET"]}}],"collection":[{"href":"https:\/\/cortesuprema.gov.co\/corte\/index.php\/wp-json\/wp\/v2\/posts"}],"about":[{"href":"https:\/\/cortesuprema.gov.co\/corte\/index.php\/wp-json\/wp\/v2\/types\/post"}],"author":[{"embeddable":true,"href":"https:\/\/cortesuprema.gov.co\/corte\/index.php\/wp-json\/wp\/v2\/users\/12"}],"replies":[{"embeddable":true,"href":"https:\/\/cortesuprema.gov.co\/corte\/index.php\/wp-json\/wp\/v2\/comments?post=42554"}],"version-history":[{"count":1,"href":"https:\/\/cortesuprema.gov.co\/corte\/index.php\/wp-json\/wp\/v2\/posts\/42554\/revisions"}],"predecessor-version":[{"id":42555,"href":"https:\/\/cortesuprema.gov.co\/corte\/index.php\/wp-json\/wp\/v2\/posts\/42554\/revisions\/42555"}],"wp:attachment":[{"href":"https:\/\/cortesuprema.gov.co\/corte\/index.php\/wp-json\/wp\/v2\/media?parent=42554"}],"wp:term":[{"taxonomy":"category","embeddable":true,"href":"https:\/\/cortesuprema.gov.co\/corte\/index.php\/wp-json\/wp\/v2\/categories?post=42554"},{"taxonomy":"post_tag","embeddable":true,"href":"https:\/\/cortesuprema.gov.co\/corte\/index.php\/wp-json\/wp\/v2\/tags?post=42554"}],"curies":[{"name":"wp","href":"https:\/\/api.w.org\/{rel}","templated":true}]}}