{"id":42559,"date":"2021-10-25T10:51:37","date_gmt":"2021-10-25T15:51:37","guid":{"rendered":"https:\/\/cortesuprema.gov.co\/corte\/?p=42559"},"modified":"2021-10-25T10:51:37","modified_gmt":"2021-10-25T15:51:37","slug":"falsedad-ideologica-en-documento-publico-elementos-consignar-una-falsedad-o-callar-total-o-parcialmente-la-verdad","status":"publish","type":"post","link":"https:\/\/cortesuprema.gov.co\/corte\/index.php\/2021\/10\/25\/falsedad-ideologica-en-documento-publico-elementos-consignar-una-falsedad-o-callar-total-o-parcialmente-la-verdad\/","title":{"rendered":"FALSEDAD IDEOL\u00d3GICA EN DOCUMENTO P\u00daBLICO &#8211; Elementos: consignar una falsedad o callar total o parcialmente la verdad"},"content":{"rendered":"<ul>\n<li style=\"text-align: justify;\">La Sala realiza un an\u00e1lisis de delito de falsedad ideol\u00f3gica en documento p\u00fablico y ratifica que este se configura cuando el servidor p\u00fablico consigna en el documento p\u00fablico hechos o circunstancias ajenas a la realidad, es decir, cuando falta a su deber de verdad.<\/li>\n<\/ul>\n<p style=\"text-align: justify;\">\n<ul>\n<li style=\"text-align: justify;\">Ello al resolver un recurso de apelaci\u00f3n contra el fallo absolutorio a favor de un fiscal acusado de consignar una falsedad en un \u201cacta\u201d, para cubrir su solicitud de entrega de parte de un dinero hallado en un predio objeto de allanamiento.<\/li>\n<\/ul>\n<p style=\"text-align: justify;\">\n<ul>\n<li style=\"text-align: justify;\">Por otra parte, se recuerda la prohibici\u00f3n para la fiscal\u00eda de elevar cargos alternativos o hip\u00f3tesis factuales, ya que violan el derecho de defensa del procesado, entre otras garant\u00edas. [SP3419-2021(58837)]<\/li>\n<\/ul>\n<p><!--more--><\/p>\n<hr \/>\n[spiderpowa-pdf src=\u00bbhttps:\/\/cortesuprema.gov.co\/corte\/wp-content\/uploads\/relatorias\/pe\/b1oct2021\/SP3419-2021(58837).pdf\u00bb]\n<hr \/>\n<p><strong>Descargue el documento aqu\u00ed: <a href=\"https:\/\/cortesuprema.gov.co\/corte\/wp-content\/uploads\/relatorias\/pe\/b1oct2021\/SP3419-2021(58837).pdf\" target=\"_blank\" rel=\"noopener noreferrer\">SP3419-2021(58837).pdf<\/a><\/strong><\/p>\n","protected":false},"excerpt":{"rendered":"<p>La Sala realiza un an\u00e1lisis de delito de falsedad ideol\u00f3gica en documento p\u00fablico y ratifica que este se configura cuando el servidor p\u00fablico consigna en el documento p\u00fablico hechos o circunstancias ajenas a la realidad, es decir, cuando falta a su deber de verdad. Ello al resolver un recurso de apelaci\u00f3n contra el fallo absolutorio &hellip; <a href=\"https:\/\/cortesuprema.gov.co\/corte\/index.php\/2021\/10\/25\/falsedad-ideologica-en-documento-publico-elementos-consignar-una-falsedad-o-callar-total-o-parcialmente-la-verdad\/\" class=\"more-link\">Continuar leyendo<span class=\"screen-reader-text\"> \u00abFALSEDAD IDEOL\u00d3GICA EN DOCUMENTO P\u00daBLICO &#8211; Elementos: consignar una falsedad o callar total o parcialmente la verdad\u00bb<\/span><\/a><\/p>\n","protected":false},"author":12,"featured_media":0,"comment_status":"closed","ping_status":"closed","sticky":false,"template":"","format":"standard","meta":{"footnotes":""},"categories":[68],"tags":[2584,86,2470,502,271,71,2585],"class_list":["post-42559","post","type-post","status-publish","format-standard","hentry","category-novedades","tag-consignar-una-falsedad-o-callar-total-o-parcialmente-la-verdad","tag-corte-suprema-de-justicia","tag-dr-diego-eugenio-corredor-beltran","tag-elementos","tag-falsedad-ideologica-en-documento-publico","tag-sala-penal","tag-sp3419-202158837"],"_links":{"self":[{"href":"https:\/\/cortesuprema.gov.co\/corte\/index.php\/wp-json\/wp\/v2\/posts\/42559","targetHints":{"allow":["GET"]}}],"collection":[{"href":"https:\/\/cortesuprema.gov.co\/corte\/index.php\/wp-json\/wp\/v2\/posts"}],"about":[{"href":"https:\/\/cortesuprema.gov.co\/corte\/index.php\/wp-json\/wp\/v2\/types\/post"}],"author":[{"embeddable":true,"href":"https:\/\/cortesuprema.gov.co\/corte\/index.php\/wp-json\/wp\/v2\/users\/12"}],"replies":[{"embeddable":true,"href":"https:\/\/cortesuprema.gov.co\/corte\/index.php\/wp-json\/wp\/v2\/comments?post=42559"}],"version-history":[{"count":1,"href":"https:\/\/cortesuprema.gov.co\/corte\/index.php\/wp-json\/wp\/v2\/posts\/42559\/revisions"}],"predecessor-version":[{"id":42560,"href":"https:\/\/cortesuprema.gov.co\/corte\/index.php\/wp-json\/wp\/v2\/posts\/42559\/revisions\/42560"}],"wp:attachment":[{"href":"https:\/\/cortesuprema.gov.co\/corte\/index.php\/wp-json\/wp\/v2\/media?parent=42559"}],"wp:term":[{"taxonomy":"category","embeddable":true,"href":"https:\/\/cortesuprema.gov.co\/corte\/index.php\/wp-json\/wp\/v2\/categories?post=42559"},{"taxonomy":"post_tag","embeddable":true,"href":"https:\/\/cortesuprema.gov.co\/corte\/index.php\/wp-json\/wp\/v2\/tags?post=42559"}],"curies":[{"name":"wp","href":"https:\/\/api.w.org\/{rel}","templated":true}]}}