{"id":43405,"date":"2021-11-17T10:28:24","date_gmt":"2021-11-17T15:28:24","guid":{"rendered":"https:\/\/cortesuprema.gov.co\/corte\/?p=43405"},"modified":"2021-11-17T10:28:42","modified_gmt":"2021-11-17T15:28:42","slug":"moises-wasserman-bioquimico-colombiano-exrector-de-la-universidad-nacional-de-colombia","status":"publish","type":"post","link":"https:\/\/cortesuprema.gov.co\/corte\/index.php\/2021\/11\/17\/moises-wasserman-bioquimico-colombiano-exrector-de-la-universidad-nacional-de-colombia\/","title":{"rendered":"MOIS\u00c9S WASSERMAN Bioqu\u00edmico colombiano, exrector de la Universidad Nacional de Colombia"},"content":{"rendered":"<h4 style=\"text-align: right;\"><a href=\"https:\/\/cortesuprema.gov.co\/corte\/index.php\/encuentro2021-perfiles\/\"><strong>XXIV Encuentro de la Jurisdicci\u00f3n Ordinaria<\/strong><\/a><\/h4>\n[panel style=\u00bbprimary\u00bb title=\u00bbViernes\u00a0 19 de noviembre\u00a0 8:30 a 9:45 p. m. Conferencia\u00bb text_align=\u00bbleft\u00bb]<strong>NUEVOS ENFOQUES PARA ABORDAR LOS CONFLICTOS SOCIALES E INTERPERSONALES SOMETIDOS AL SISTEMA JUDICIAL<\/strong> \u00a0[\/panel]\n<p style=\"text-align: justify;\"><img loading=\"lazy\" decoding=\"async\" class=\"alignleft wp-image-43407\" src=\"https:\/\/cortesuprema.gov.co\/corte\/wp-content\/uploads\/2021\/11\/7.-MOIS\u00c9S-WASSERMAN-1.jpg\" alt=\"\" width=\"252\" height=\"274\" srcset=\"https:\/\/cortesuprema.gov.co\/corte\/wp-content\/uploads\/2021\/11\/7.-MOIS\u00c9S-WASSERMAN-1.jpg 463w, https:\/\/cortesuprema.gov.co\/corte\/wp-content\/uploads\/2021\/11\/7.-MOIS\u00c9S-WASSERMAN-1-276x300.jpg 276w\" sizes=\"auto, (max-width: 252px) 85vw, 252px\" \/><\/p>\n<p>&nbsp;<\/p>\n<p>&nbsp;<\/p>\n<p>Fue honrado con el premio nacional de ciencias Alejandro \u00c1ngel Escobar, premio a vida y obra de la Asociaci\u00f3n Colombiana para el Avance de la Ciencia, investigador em\u00e9rito de Colciencias y del Instituto Nacional de Salud, medalla al m\u00e9rito cient\u00edfico de la Universidad Nacional.<\/p>\n<p>Premio Vida y Obra otorgado por el MEN 2020 y el de El Colombiano Ejemplar 2021 por el diario El Colombiano. Public\u00f3 m\u00e1s de 120 art\u00edculos cient\u00edficos en la prensa indexada. Es columnista del diario El Tiempo y gan\u00f3 el premio de periodismo Sim\u00f3n Bol\u00edvar a art\u00edculos de opini\u00f3n. Fue miembro de la \u201cMisi\u00f3n Internacional de Sabios\u201d para Ciencia, Tecnolog\u00eda e Innovaci\u00f3n 2019.<\/p>\n<p>&nbsp;<\/p>\n<p><a href=\"https:\/\/cortesuprema.gov.co\/corte\/index.php\/encuentro2021-perfiles\/\"><img loading=\"lazy\" decoding=\"async\" class=\"alignright wp-image-40926 size-full\" src=\"https:\/\/cortesuprema.gov.co\/corte\/wp-content\/uploads\/2021\/09\/botones-4-OVER.png\" alt=\"\" width=\"285\" height=\"35\" \/><\/a><\/p>\n","protected":false},"excerpt":{"rendered":"<p>XXIV Encuentro de la Jurisdicci\u00f3n Ordinaria [panel style=\u00bbprimary\u00bb title=\u00bbViernes\u00a0 19 de noviembre\u00a0 8:30 a 9:45 p. m. Conferencia\u00bb text_align=\u00bbleft\u00bb]NUEVOS ENFOQUES PARA ABORDAR LOS CONFLICTOS SOCIALES E INTERPERSONALES SOMETIDOS AL SISTEMA JUDICIAL \u00a0[\/panel] &nbsp; &nbsp; Fue honrado con el premio nacional de ciencias Alejandro \u00c1ngel Escobar, premio a vida y obra de la Asociaci\u00f3n Colombiana para &hellip; <a href=\"https:\/\/cortesuprema.gov.co\/corte\/index.php\/2021\/11\/17\/moises-wasserman-bioquimico-colombiano-exrector-de-la-universidad-nacional-de-colombia\/\" class=\"more-link\">Continuar leyendo<span class=\"screen-reader-text\"> \u00abMOIS\u00c9S WASSERMAN Bioqu\u00edmico colombiano, exrector de la Universidad Nacional de Colombia\u00bb<\/span><\/a><\/p>\n","protected":false},"author":47,"featured_media":0,"comment_status":"closed","ping_status":"closed","sticky":false,"template":"","format":"standard","meta":{"footnotes":""},"categories":[2600],"tags":[],"class_list":["post-43405","post","type-post","status-publish","format-standard","hentry","category-xxiv-encuentro-de-la-jurisdiccion-ordinaria"],"_links":{"self":[{"href":"https:\/\/cortesuprema.gov.co\/corte\/index.php\/wp-json\/wp\/v2\/posts\/43405","targetHints":{"allow":["GET"]}}],"collection":[{"href":"https:\/\/cortesuprema.gov.co\/corte\/index.php\/wp-json\/wp\/v2\/posts"}],"about":[{"href":"https:\/\/cortesuprema.gov.co\/corte\/index.php\/wp-json\/wp\/v2\/types\/post"}],"author":[{"embeddable":true,"href":"https:\/\/cortesuprema.gov.co\/corte\/index.php\/wp-json\/wp\/v2\/users\/47"}],"replies":[{"embeddable":true,"href":"https:\/\/cortesuprema.gov.co\/corte\/index.php\/wp-json\/wp\/v2\/comments?post=43405"}],"version-history":[{"count":2,"href":"https:\/\/cortesuprema.gov.co\/corte\/index.php\/wp-json\/wp\/v2\/posts\/43405\/revisions"}],"predecessor-version":[{"id":43412,"href":"https:\/\/cortesuprema.gov.co\/corte\/index.php\/wp-json\/wp\/v2\/posts\/43405\/revisions\/43412"}],"wp:attachment":[{"href":"https:\/\/cortesuprema.gov.co\/corte\/index.php\/wp-json\/wp\/v2\/media?parent=43405"}],"wp:term":[{"taxonomy":"category","embeddable":true,"href":"https:\/\/cortesuprema.gov.co\/corte\/index.php\/wp-json\/wp\/v2\/categories?post=43405"},{"taxonomy":"post_tag","embeddable":true,"href":"https:\/\/cortesuprema.gov.co\/corte\/index.php\/wp-json\/wp\/v2\/tags?post=43405"}],"curies":[{"name":"wp","href":"https:\/\/api.w.org\/{rel}","templated":true}]}}