{"id":44026,"date":"2021-12-01T17:08:25","date_gmt":"2021-12-01T22:08:25","guid":{"rendered":"https:\/\/cortesuprema.gov.co\/corte\/?p=44026"},"modified":"2021-12-01T17:08:25","modified_gmt":"2021-12-01T22:08:25","slug":"miquel-martin-casals","status":"publish","type":"post","link":"https:\/\/cortesuprema.gov.co\/corte\/index.php\/2021\/12\/01\/miquel-martin-casals\/","title":{"rendered":"MIQUEL MART\u00cdN CASALS"},"content":{"rendered":"<h4 style=\"text-align: right;\"><\/h4>\n[panel style=\u00bbprimary\u00bb title=\u00bb\u00bb text_align=\u00bbleft\u00bb]XI Conversatorio Nacional de la Jurisdicci\u00f3n civil, familia, agraria y ambiental: La tutela y la jurisdicci\u00f3n civil<b>\u00a0<\/b>[\/panel]\n<p>Miquel Mart\u00edn Casals es Catedr\u00e1tico de Derecho civil de la Universidad de Girona, director del Instituto de Derecho privado europeo y comparado de dicha universidad y director del M\u00e1ster Universitario en Derecho de da\u00f1os que organiza dicho instituto.<\/p>\n<p>Coordina \u201cGrupo Europeo de Responsabilidad Civil\u201d y es miembro de la Comisi\u00f3n de redacci\u00f3n que elabor\u00f3 los \u201cPrincipios de Derecho europeo de la responsabilidad civil\u201d.<\/p>\n<p>Colabora habitualmente con otros grupos de expertos en RC, de \u00e1mbito europeo, y nacional, como el grupo franc\u00e9s GRERCA, del que forman parte la mayor\u00eda de los investigadores de la RC en Francia.<\/p>\n<p>Es miembro electo del \u201cAmerican Law Institute\u201d, el equivalente norteamericano a la Academia de Legislaci\u00f3n y Jurisprudencia espa\u00f1ola, y de la Academia Internacional de Derecho Comparado de la Haya.<\/p>\n<p>Tambi\u00e9n es miembro del comit\u00e9 cient\u00edfico del Instituto Europeo de Derecho de la Circulaci\u00f3n, con sede en Luxemburgo, y del Consejo Asesor del Centro Europeo de Responsabilidad Civil y Seguro, con sede en Viena.<\/p>\n<p>Formado en la Universidad de Barcelona, en Alemania y en Estados Unidos. Ha sido investigador principal de numerosos proyectos de investigaci\u00f3n nacionales e internacionales desde principios de los a\u00f1os 90 y tiene m\u00e1s de 150 publicaciones en 6 idiomas, fundamentalmente sobre responsabilidad civil. Ha sido presidente de la Comisi\u00f3n de Expertos de los ministerios de Econom\u00eda y de Justicia cuyos trabajos dieron lugar al borrador del nuevo \u201cBaremo 2015\u201d, y en la actualidad es miembro de la Comisi\u00f3n de Seguimiento del Baremo y presidente de su Grupo de Trabajo Jur\u00eddico.<\/p>\n<p>En 2015 le fue impuesta la Cruz de Honor de San Raimundo de Pe\u00f1afort, a propuesta del Ministerio de Justicia de Espa\u00f1a<\/p>\n<p>&nbsp;<\/p>\n<p><a href=\"https:\/\/cortesuprema.gov.co\/corte\/index.php\/perfiles-conferencistas-xi-conversatorio-de-la-jurisdiccion-civil-familia-agraria-y-ambiental\/\"><img loading=\"lazy\" decoding=\"async\" class=\"wp-image-43864 size-full alignright\" src=\"https:\/\/cortesuprema.gov.co\/corte\/wp-content\/uploads\/2021\/12\/3B.jpg\" alt=\"\" width=\"291\" height=\"53\" \/><\/a><\/p>\n","protected":false},"excerpt":{"rendered":"<p>[panel style=\u00bbprimary\u00bb title=\u00bb\u00bb text_align=\u00bbleft\u00bb]XI Conversatorio Nacional de la Jurisdicci\u00f3n civil, familia, agraria y ambiental: La tutela y la jurisdicci\u00f3n civil\u00a0[\/panel] Miquel Mart\u00edn Casals es Catedr\u00e1tico de Derecho civil de la Universidad de Girona, director del Instituto de Derecho privado europeo y comparado de dicha universidad y director del M\u00e1ster Universitario en Derecho de da\u00f1os que &hellip; <a href=\"https:\/\/cortesuprema.gov.co\/corte\/index.php\/2021\/12\/01\/miquel-martin-casals\/\" class=\"more-link\">Continuar leyendo<span class=\"screen-reader-text\"> \u00abMIQUEL MART\u00cdN CASALS\u00bb<\/span><\/a><\/p>\n","protected":false},"author":47,"featured_media":0,"comment_status":"closed","ping_status":"closed","sticky":false,"template":"","format":"standard","meta":{"footnotes":""},"categories":[1],"tags":[],"class_list":["post-44026","post","type-post","status-publish","format-standard","hentry","category-sin-categoria"],"_links":{"self":[{"href":"https:\/\/cortesuprema.gov.co\/corte\/index.php\/wp-json\/wp\/v2\/posts\/44026","targetHints":{"allow":["GET"]}}],"collection":[{"href":"https:\/\/cortesuprema.gov.co\/corte\/index.php\/wp-json\/wp\/v2\/posts"}],"about":[{"href":"https:\/\/cortesuprema.gov.co\/corte\/index.php\/wp-json\/wp\/v2\/types\/post"}],"author":[{"embeddable":true,"href":"https:\/\/cortesuprema.gov.co\/corte\/index.php\/wp-json\/wp\/v2\/users\/47"}],"replies":[{"embeddable":true,"href":"https:\/\/cortesuprema.gov.co\/corte\/index.php\/wp-json\/wp\/v2\/comments?post=44026"}],"version-history":[{"count":1,"href":"https:\/\/cortesuprema.gov.co\/corte\/index.php\/wp-json\/wp\/v2\/posts\/44026\/revisions"}],"predecessor-version":[{"id":44029,"href":"https:\/\/cortesuprema.gov.co\/corte\/index.php\/wp-json\/wp\/v2\/posts\/44026\/revisions\/44029"}],"wp:attachment":[{"href":"https:\/\/cortesuprema.gov.co\/corte\/index.php\/wp-json\/wp\/v2\/media?parent=44026"}],"wp:term":[{"taxonomy":"category","embeddable":true,"href":"https:\/\/cortesuprema.gov.co\/corte\/index.php\/wp-json\/wp\/v2\/categories?post=44026"},{"taxonomy":"post_tag","embeddable":true,"href":"https:\/\/cortesuprema.gov.co\/corte\/index.php\/wp-json\/wp\/v2\/tags?post=44026"}],"curies":[{"name":"wp","href":"https:\/\/api.w.org\/{rel}","templated":true}]}}