{"id":44310,"date":"2021-12-14T11:09:36","date_gmt":"2021-12-14T16:09:36","guid":{"rendered":"https:\/\/cortesuprema.gov.co\/corte\/?p=44310"},"modified":"2021-12-14T11:09:36","modified_gmt":"2021-12-14T16:09:36","slug":"ley-de-justicia-y-paz-medidas-de-aseguramiento-procede-por-delitos-cometidos-por-miembros-de-grupos-irregulares-en-combate","status":"publish","type":"post","link":"https:\/\/cortesuprema.gov.co\/corte\/index.php\/2021\/12\/14\/ley-de-justicia-y-paz-medidas-de-aseguramiento-procede-por-delitos-cometidos-por-miembros-de-grupos-irregulares-en-combate\/","title":{"rendered":"LEY DE JUSTICIA Y PAZ &#8211; Medidas de aseguramiento: procede por delitos cometidos por miembros de grupos irregulares en combate"},"content":{"rendered":"<ul>\n<li>La Sala de Casaci\u00f3n Penal analiza detalladamente la posibilidad de judicializar los hechos cometidos por actores armados en el conflicto colombiano, distinguiendo su participaci\u00f3n desde el posible grado de combatiente, y determinando que la Ley 975 de 2005 no estableci\u00f3 amnist\u00edas para los miembros de grupos irregulares, por lo que le son plenamente aplicables las medidas de aseguramiento que establece dicha norma. [AP5920-2021(58457)]<\/li>\n<\/ul>\n<p><!--more--><\/p>\n<hr \/>\n[spiderpowa-pdf src=\u00bbhttps:\/\/cortesuprema.gov.co\/corte\/wp-content\/uploads\/relatorias\/pe\/b1ene2022\/AP5920-2021(58457).pdf\u00bb]\n<hr \/>\n<p><strong>Descargue el documento aqu\u00ed: <a href=\"https:\/\/cortesuprema.gov.co\/corte\/wp-content\/uploads\/relatorias\/pe\/b1ene2022\/AP5920-2021(58457).pdf\" target=\"_blank\" rel=\"noopener noreferrer\">AP5920-2021(58457).pdf<\/a><\/strong><\/p>\n","protected":false},"excerpt":{"rendered":"<p>La Sala de Casaci\u00f3n Penal analiza detalladamente la posibilidad de judicializar los hechos cometidos por actores armados en el conflicto colombiano, distinguiendo su participaci\u00f3n desde el posible grado de combatiente, y determinando que la Ley 975 de 2005 no estableci\u00f3 amnist\u00edas para los miembros de grupos irregulares, por lo que le son plenamente aplicables las &hellip; <a href=\"https:\/\/cortesuprema.gov.co\/corte\/index.php\/2021\/12\/14\/ley-de-justicia-y-paz-medidas-de-aseguramiento-procede-por-delitos-cometidos-por-miembros-de-grupos-irregulares-en-combate\/\" class=\"more-link\">Continuar leyendo<span class=\"screen-reader-text\"> \u00abLEY DE JUSTICIA Y PAZ &#8211; Medidas de aseguramiento: procede por delitos cometidos por miembros de grupos irregulares en combate\u00bb<\/span><\/a><\/p>\n","protected":false},"author":12,"featured_media":0,"comment_status":"closed","ping_status":"closed","sticky":false,"template":"","format":"standard","meta":{"footnotes":""},"categories":[68],"tags":[2629,86,2316,198,765,2628,71],"class_list":["post-44310","post","type-post","status-publish","format-standard","hentry","category-novedades","tag-ap5920-202158457","tag-corte-suprema-de-justicia","tag-dr-gerson-chaverra-castro","tag-ley-de-justicia-y-paz","tag-medidas-de-aseguramiento","tag-procede-por-delitos-cometidos-por-miembros-de-grupos-irregulares-en-combate","tag-sala-penal"],"_links":{"self":[{"href":"https:\/\/cortesuprema.gov.co\/corte\/index.php\/wp-json\/wp\/v2\/posts\/44310","targetHints":{"allow":["GET"]}}],"collection":[{"href":"https:\/\/cortesuprema.gov.co\/corte\/index.php\/wp-json\/wp\/v2\/posts"}],"about":[{"href":"https:\/\/cortesuprema.gov.co\/corte\/index.php\/wp-json\/wp\/v2\/types\/post"}],"author":[{"embeddable":true,"href":"https:\/\/cortesuprema.gov.co\/corte\/index.php\/wp-json\/wp\/v2\/users\/12"}],"replies":[{"embeddable":true,"href":"https:\/\/cortesuprema.gov.co\/corte\/index.php\/wp-json\/wp\/v2\/comments?post=44310"}],"version-history":[{"count":1,"href":"https:\/\/cortesuprema.gov.co\/corte\/index.php\/wp-json\/wp\/v2\/posts\/44310\/revisions"}],"predecessor-version":[{"id":44311,"href":"https:\/\/cortesuprema.gov.co\/corte\/index.php\/wp-json\/wp\/v2\/posts\/44310\/revisions\/44311"}],"wp:attachment":[{"href":"https:\/\/cortesuprema.gov.co\/corte\/index.php\/wp-json\/wp\/v2\/media?parent=44310"}],"wp:term":[{"taxonomy":"category","embeddable":true,"href":"https:\/\/cortesuprema.gov.co\/corte\/index.php\/wp-json\/wp\/v2\/categories?post=44310"},{"taxonomy":"post_tag","embeddable":true,"href":"https:\/\/cortesuprema.gov.co\/corte\/index.php\/wp-json\/wp\/v2\/tags?post=44310"}],"curies":[{"name":"wp","href":"https:\/\/api.w.org\/{rel}","templated":true}]}}