{"id":45019,"date":"2022-02-01T09:06:01","date_gmt":"2022-02-01T14:06:01","guid":{"rendered":"https:\/\/cortesuprema.gov.co\/corte\/?p=45019"},"modified":"2022-02-01T09:06:52","modified_gmt":"2022-02-01T14:06:52","slug":"ley-de-justicia-y-paz-caracteristicas-no-establece-amnistias-o-indultos-generales-para-grupos-armados-ilegales","status":"publish","type":"post","link":"https:\/\/cortesuprema.gov.co\/corte\/index.php\/2022\/02\/01\/ley-de-justicia-y-paz-caracteristicas-no-establece-amnistias-o-indultos-generales-para-grupos-armados-ilegales\/","title":{"rendered":"LEY DE JUSTICIA Y PAZ\u00a0&#8211; Caracter\u00edsticas: no establece amnist\u00edas o indultos generales para grupos armados ilegales"},"content":{"rendered":"<p style=\"text-align: justify;\">Al resolver el recurso de apelaci\u00f3n, contra la decisi\u00f3n adoptada por la Sala de Justicia y Paz del Tribunal Superior de Barranquilla, mediante la cual, no se impuso medida de aseguramiento a unos postulados por uno de los hechos imputados, la Sala aclara que la Ley 975 de 2005 no contiene una disposici\u00f3n que exonere al delincuente del cumplimiento de la sanci\u00f3n penal. Si bien es verdad que se le hace objeto de un tratamiento jur\u00eddico penal menos riguroso que el existente en el C\u00f3digo Penal -si se cumplen por el infractor unos requisitos especiales-, lo cierto es que, aun as\u00ed, no desaparece la pena y es viable imponer la medida de seguridad. [<a href=\"https:\/\/cortesuprema.gov.co\/corte\/wp-content\/uploads\/relatorias\/pe\/b1ene2022\/AP5920-2021(58457).pdf\" target=\"_blank\" rel=\"noopener noreferrer\">AP5920-2021(58457)<\/a>]<!--more--><\/p>\n<hr \/>\n[spiderpowa-pdf src=\u00bbhttps:\/\/cortesuprema.gov.co\/corte\/wp-content\/uploads\/relatorias\/pe\/b1ene2022\/AP5920-2021(58457).pdf\u00bb]\n<hr \/>\n<p><strong>Descargue el documento aqu\u00ed: <a href=\"https:\/\/cortesuprema.gov.co\/corte\/wp-content\/uploads\/relatorias\/pe\/b1ene2022\/AP5920-2021(58457).pdf\">AP5920-2021(58457).pdf<\/a><\/strong><\/p>\n","protected":false},"excerpt":{"rendered":"<p>Al resolver el recurso de apelaci\u00f3n, contra la decisi\u00f3n adoptada por la Sala de Justicia y Paz del Tribunal Superior de Barranquilla, mediante la cual, no se impuso medida de aseguramiento a unos postulados por uno de los hechos imputados, la Sala aclara que la Ley 975 de 2005 no contiene una disposici\u00f3n que exonere &hellip; <a href=\"https:\/\/cortesuprema.gov.co\/corte\/index.php\/2022\/02\/01\/ley-de-justicia-y-paz-caracteristicas-no-establece-amnistias-o-indultos-generales-para-grupos-armados-ilegales\/\" class=\"more-link\">Continuar leyendo<span class=\"screen-reader-text\"> \u00abLEY DE JUSTICIA Y PAZ\u00a0&#8211; Caracter\u00edsticas: no establece amnist\u00edas o indultos generales para grupos armados ilegales\u00bb<\/span><\/a><\/p>\n","protected":false},"author":12,"featured_media":0,"comment_status":"closed","ping_status":"closed","sticky":false,"template":"","format":"standard","meta":{"footnotes":""},"categories":[68],"tags":[2629,2634,86,2316,198,2635,71],"class_list":["post-45019","post","type-post","status-publish","format-standard","hentry","category-novedades","tag-ap5920-202158457","tag-caracteristicas","tag-corte-suprema-de-justicia","tag-dr-gerson-chaverra-castro","tag-ley-de-justicia-y-paz","tag-no-establece-amnistias-o-indultos-generales-para-grupos-armados-ilegales","tag-sala-penal"],"_links":{"self":[{"href":"https:\/\/cortesuprema.gov.co\/corte\/index.php\/wp-json\/wp\/v2\/posts\/45019","targetHints":{"allow":["GET"]}}],"collection":[{"href":"https:\/\/cortesuprema.gov.co\/corte\/index.php\/wp-json\/wp\/v2\/posts"}],"about":[{"href":"https:\/\/cortesuprema.gov.co\/corte\/index.php\/wp-json\/wp\/v2\/types\/post"}],"author":[{"embeddable":true,"href":"https:\/\/cortesuprema.gov.co\/corte\/index.php\/wp-json\/wp\/v2\/users\/12"}],"replies":[{"embeddable":true,"href":"https:\/\/cortesuprema.gov.co\/corte\/index.php\/wp-json\/wp\/v2\/comments?post=45019"}],"version-history":[{"count":2,"href":"https:\/\/cortesuprema.gov.co\/corte\/index.php\/wp-json\/wp\/v2\/posts\/45019\/revisions"}],"predecessor-version":[{"id":45021,"href":"https:\/\/cortesuprema.gov.co\/corte\/index.php\/wp-json\/wp\/v2\/posts\/45019\/revisions\/45021"}],"wp:attachment":[{"href":"https:\/\/cortesuprema.gov.co\/corte\/index.php\/wp-json\/wp\/v2\/media?parent=45019"}],"wp:term":[{"taxonomy":"category","embeddable":true,"href":"https:\/\/cortesuprema.gov.co\/corte\/index.php\/wp-json\/wp\/v2\/categories?post=45019"},{"taxonomy":"post_tag","embeddable":true,"href":"https:\/\/cortesuprema.gov.co\/corte\/index.php\/wp-json\/wp\/v2\/tags?post=45019"}],"curies":[{"name":"wp","href":"https:\/\/api.w.org\/{rel}","templated":true}]}}