{"id":45725,"date":"2022-02-28T17:32:50","date_gmt":"2022-02-28T22:32:50","guid":{"rendered":"https:\/\/cortesuprema.gov.co\/corte\/?p=45725"},"modified":"2022-02-28T17:32:50","modified_gmt":"2022-02-28T22:32:50","slug":"relatoria-125-anos-adenda-gaceta-judicial-teoria-de-la-imprevision","status":"publish","type":"post","link":"https:\/\/cortesuprema.gov.co\/corte\/index.php\/2022\/02\/28\/relatoria-125-anos-adenda-gaceta-judicial-teoria-de-la-imprevision\/","title":{"rendered":"[Relator\u00eda 125 a\u00f1os] Adenda Gaceta Judicial: Teor\u00eda de la imprevisi\u00f3n"},"content":{"rendered":"<div>\n<p align=\"center\">\u00a1Conmemoraci\u00f3n 125 a\u00f1os!<\/p>\n<p align=\"center\">\n<p>A partir de ley 169 de 1.896 se encomend\u00f3 al Relator de la Corte Suprema de Justicia regentar la gesti\u00f3n del conocimiento jurisprudencial, con criterios precisos en la organizaci\u00f3n de la doctrina que la Alta Corporaci\u00f3n fija en sus providencias.<\/p>\n<p>Las adendas de la Gaceta Judicial se constituyen en un complemento indispensable, de gran valor y utilidad para la comunidad jur\u00eddica, al momento de comprender los criterios que determinan las decisiones, en torno al punto de derecho objeto de debate.<\/p>\n<p>Hoy, le invitamos a consultar las nueve adendas publicadas sobre la \u00abTeor\u00eda de la imprevisi\u00f3n\u00bb\u00a0<em>de<\/em><span style=\"font-family: Bookman Old Style,serif;\">\u00a0Lorenzo de la Maza Rivadeneira:\u00a0<\/span><\/p>\n<div class=\"_3dovSVyva_KFrGp1rGpSRM\"><\/div>\n<div>\n<div><i>Disponible en\u00a0<a title=\"Direcci\u00f3n URL original: https:\/\/cortesuprema.gov.co\/corte\/wp-content\/uploads\/2021\/09\/TEOR%C3%8DA-DE-LA-IMPREVISI%C3%93N.pdf. Haga clic o pulse si conf\u00eda en este v\u00ednculo.\" href=\"https:\/\/nam02.safelinks.protection.outlook.com\/?url=https%3A%2F%2Fcortesuprema.gov.co%2Fcorte%2Fwp-content%2Fuploads%2F2021%2F09%2FTEOR%25C3%258DA-DE-LA-IMPREVISI%25C3%2593N.pdf&amp;data=04%7C01%7Cfallongf%40cortesuprema.gov.co%7C952b8ff68f7f45f5a48508d9f215886d%7C622cba9880f841f38df58eb99901598b%7C0%7C0%7C637807037658783107%7CUnknown%7CTWFpbGZsb3d8eyJWIjoiMC4wLjAwMDAiLCJQIjoiV2luMzIiLCJBTiI6Ik1haWwiLCJXVCI6Mn0%3D%7C3000&amp;sdata=IFfjRuliAuuUpgu0%2BCI1qcfeHBR%2BMe0lqbABVorf1W8%3D&amp;reserved=0\" target=\"_blank\" rel=\"noopener noreferrer\" data-auth=\"Verified\" data-linkindex=\"1\">GJ tomo\u00a0\u00a0XLVI, n\u00fam. 1935\u00a0\u00a0a 1938 y XLVII n\u00fam. 1940 a 1944<\/a>\u00a0\u00a0<\/i><\/div>\n<\/div>\n<div align=\"center\">\n<div align=\"center\"><\/div>\n<\/div>\n<\/div>\n<p>M\u00e1s adendas de la Gaceta Judicial en:\u00a0<a title=\"Direcci\u00f3n URL original: https:\/\/cortesuprema.gov.co\/corte\/index.php\/adendas-gaceta-judicial-2\/. Haga clic o pulse si conf\u00eda en este v\u00ednculo.\" href=\"https:\/\/nam02.safelinks.protection.outlook.com\/?url=https%3A%2F%2Fcortesuprema.gov.co%2Fcorte%2Findex.php%2Fadendas-gaceta-judicial-2%2F&amp;data=04%7C01%7Cfallongf%40cortesuprema.gov.co%7C952b8ff68f7f45f5a48508d9f215886d%7C622cba9880f841f38df58eb99901598b%7C0%7C0%7C637807037658783107%7CUnknown%7CTWFpbGZsb3d8eyJWIjoiMC4wLjAwMDAiLCJQIjoiV2luMzIiLCJBTiI6Ik1haWwiLCJXVCI6Mn0%3D%7C3000&amp;sdata=W%2Bup%2FT7HjSXIWESD8OiWCLWP2KmtAmC60V7uaiXMbL8%3D&amp;reserved=0\" target=\"_blank\" rel=\"noopener noreferrer\" data-auth=\"Verified\" data-linkindex=\"3\">Relator\u00eda 125 a\u00f1os.<\/a><\/p>\n","protected":false},"excerpt":{"rendered":"<p>\u00a1Conmemoraci\u00f3n 125 a\u00f1os! A partir de ley 169 de 1.896 se encomend\u00f3 al Relator de la Corte Suprema de Justicia regentar la gesti\u00f3n del conocimiento jurisprudencial, con criterios precisos en la organizaci\u00f3n de la doctrina que la Alta Corporaci\u00f3n fija en sus providencias. Las adendas de la Gaceta Judicial se constituyen en un complemento indispensable, &hellip; <a href=\"https:\/\/cortesuprema.gov.co\/corte\/index.php\/2022\/02\/28\/relatoria-125-anos-adenda-gaceta-judicial-teoria-de-la-imprevision\/\" class=\"more-link\">Continuar leyendo<span class=\"screen-reader-text\"> \u00ab[Relator\u00eda 125 a\u00f1os] Adenda Gaceta Judicial: Teor\u00eda de la imprevisi\u00f3n\u00bb<\/span><\/a><\/p>\n","protected":false},"author":38,"featured_media":0,"comment_status":"closed","ping_status":"closed","sticky":false,"template":"","format":"standard","meta":{"footnotes":""},"categories":[68],"tags":[2599,2598],"class_list":["post-45725","post","type-post","status-publish","format-standard","hentry","category-novedades","tag-adendas-gaceta-judicial","tag-relatoria-125-anos"],"_links":{"self":[{"href":"https:\/\/cortesuprema.gov.co\/corte\/index.php\/wp-json\/wp\/v2\/posts\/45725","targetHints":{"allow":["GET"]}}],"collection":[{"href":"https:\/\/cortesuprema.gov.co\/corte\/index.php\/wp-json\/wp\/v2\/posts"}],"about":[{"href":"https:\/\/cortesuprema.gov.co\/corte\/index.php\/wp-json\/wp\/v2\/types\/post"}],"author":[{"embeddable":true,"href":"https:\/\/cortesuprema.gov.co\/corte\/index.php\/wp-json\/wp\/v2\/users\/38"}],"replies":[{"embeddable":true,"href":"https:\/\/cortesuprema.gov.co\/corte\/index.php\/wp-json\/wp\/v2\/comments?post=45725"}],"version-history":[{"count":1,"href":"https:\/\/cortesuprema.gov.co\/corte\/index.php\/wp-json\/wp\/v2\/posts\/45725\/revisions"}],"predecessor-version":[{"id":45726,"href":"https:\/\/cortesuprema.gov.co\/corte\/index.php\/wp-json\/wp\/v2\/posts\/45725\/revisions\/45726"}],"wp:attachment":[{"href":"https:\/\/cortesuprema.gov.co\/corte\/index.php\/wp-json\/wp\/v2\/media?parent=45725"}],"wp:term":[{"taxonomy":"category","embeddable":true,"href":"https:\/\/cortesuprema.gov.co\/corte\/index.php\/wp-json\/wp\/v2\/categories?post=45725"},{"taxonomy":"post_tag","embeddable":true,"href":"https:\/\/cortesuprema.gov.co\/corte\/index.php\/wp-json\/wp\/v2\/tags?post=45725"}],"curies":[{"name":"wp","href":"https:\/\/api.w.org\/{rel}","templated":true}]}}