{"id":45734,"date":"2022-02-28T17:43:46","date_gmt":"2022-02-28T22:43:46","guid":{"rendered":"https:\/\/cortesuprema.gov.co\/corte\/?p=45734"},"modified":"2022-02-28T17:43:46","modified_gmt":"2022-02-28T22:43:46","slug":"publicaciones-algunos-estudios-contemporaneos-en-materia-de-responsabilidad-medica-de-la-sala-de-casacion-civil-de-la-corte-suprema-de-justicia-de-colombia-2","status":"publish","type":"post","link":"https:\/\/cortesuprema.gov.co\/corte\/index.php\/2022\/02\/28\/publicaciones-algunos-estudios-contemporaneos-en-materia-de-responsabilidad-medica-de-la-sala-de-casacion-civil-de-la-corte-suprema-de-justicia-de-colombia-2\/","title":{"rendered":"[Publicaciones] Algunos estudios contempor\u00e1neos -en materia de responsabilidad m\u00e9dica- de la Sala de Casaci\u00f3n Civil de la Corte Suprema de Justicia de Colombia"},"content":{"rendered":"<p>Le presentamos la publicaci\u00f3n actualizada de los\u00a0aspectos centrales de la doctrina de la\u00a0Sala de Casaci\u00f3n Civil\u00a0en\u00a0materia de responsabilidad m\u00e9dica,\u00a0a partir del registro de las fuentes normativas,\u00a0jurisprudenciales y doctrinales que dieron sustento a sus providencias, as\u00ed como la descripci\u00f3n del contexto f\u00e1ctico para la resoluci\u00f3n de cada caso,\u00a0en torno a asuntos como:<\/p>\n<p>\u2714\ufe0f Fallecimiento de persona con diagn\u00f3stico tard\u00edo de apendicitis aguda, tras deficiente prestaci\u00f3n del servicio m\u00e9dico, en sus diferentes fases.<\/p>\n<p>\u2714\ufe0f Fallecimiento de paciente que se somete a procedimiento quir\u00fargico-sin contar con el respaldo de la comunidad cient\u00edfica- para el control de la obesidad, denominado \u00ab<i>surset g\u00e1strico de Sales<\/i>\u00bb<\/p>\n<p>\u2714\ufe0f Pretensi\u00f3n indemnizatoria ante secuelas neurol\u00f3gicas de la paciente de un a\u00f1o de edad, por culpa en el procedimiento quir\u00fargico cardiovascular de cierre de ductus arterioso persistente.<\/p>\n<p>\u2714\ufe0f Pretensi\u00f3n indemnizatoria en favor del padre y de su hijo -en condici\u00f3n de discapacidad- por da\u00f1os en la salud, ante deficiente atenci\u00f3n m\u00e9dica y asistencial en el nacimiento.<\/p>\n<p>\u2714\ufe0f Da\u00f1o cerebral -que ocasiona la p\u00e9rdida de capacidad superior al 68%- de menor de edad con manejo intrahospitalario por infecci\u00f3n de traque\u00edtis bacteriana.<\/p>\n<p>\u2714\ufe0f Por lesi\u00f3n del paciente: circunstancias que preceden la p\u00e9rdida de la visi\u00f3n del ojo, ante oclusi\u00f3n de la arteria central de la retina, secundaria a un episodio de retinopat\u00eda hipertensiva.<\/p>\n<p>\u2714\ufe0f Lesiones en procedimiento de biopsia renal.<\/p>\n<p>\u2714\ufe0f\u00a0Fallecimiento de paciente diagnosticado con obesidad m\u00f3rbida, que se someti\u00f3 a cirug\u00edas de reducci\u00f3n de est\u00f3mago o sleeve g\u00e1strico.<\/p>\n<p>\u2714\ufe0f\u00a0Lesiones que se ocasionan en menor de edad por deficiencia en el diagn\u00f3stico y tratamiento precoz y efectivo de una neumon\u00eda, que pudo evitar complicaciones de derrame pleural, hipoxemia y paro cardiorrespiratorio.<\/p>\n<p>\u2714\ufe0f Fallecimiento de paciente diagnosticada con enfermedad catastr\u00f3fica -leucemia mieloide cr\u00f3nica- Omisi\u00f3n, interrupci\u00f3n, renuencia y tardanza injustificada en la prestaci\u00f3n de los servicios de salud por la EPS, al no realizarle adecuadamente el trasplante de m\u00e9dula.<\/p>\n<p>En el siguiente enlace:<\/p>\n<p align=\"center\"><a title=\"Direcci\u00f3n URL original: https:\/\/cortesuprema.gov.co\/corte\/index.php\/responsabilidad-medica-algunos-estudios-contemporaneos\/. Haga clic o pulse si conf\u00eda en este v\u00ednculo.\" href=\"https:\/\/nam02.safelinks.protection.outlook.com\/?url=https%3A%2F%2Fcortesuprema.gov.co%2Fcorte%2Findex.php%2Fresponsabilidad-medica-algunos-estudios-contemporaneos%2F&amp;data=04%7C01%7Cfallongf%40cortesuprema.gov.co%7C8e8335c2e5454222071f08d9f6cc66dd%7C622cba9880f841f38df58eb99901598b%7C0%7C0%7C637812184415507109%7CUnknown%7CTWFpbGZsb3d8eyJWIjoiMC4wLjAwMDAiLCJQIjoiV2luMzIiLCJBTiI6Ik1haWwiLCJXVCI6Mn0%3D%7C3000&amp;sdata=wjc8i0qXP%2FjSWG5d7iK0BX1MaOev%2B6MzmihJUiFsaj0%3D&amp;reserved=0\" target=\"_blank\" rel=\"noopener noreferrer\" data-auth=\"Verified\" data-linkindex=\"0\">Responsabilidad m\u00e9dica: Algunos estudios contempor\u00e1neos de la Sala de Casaci\u00f3n Civil de la Corte Suprema de Justicia de Colombia\u00a0<\/a><\/p>\n","protected":false},"excerpt":{"rendered":"<p>Le presentamos la publicaci\u00f3n actualizada de los\u00a0aspectos centrales de la doctrina de la\u00a0Sala de Casaci\u00f3n Civil\u00a0en\u00a0materia de responsabilidad m\u00e9dica,\u00a0a partir del registro de las fuentes normativas,\u00a0jurisprudenciales y doctrinales que dieron sustento a sus providencias, as\u00ed como la descripci\u00f3n del contexto f\u00e1ctico para la resoluci\u00f3n de cada caso,\u00a0en torno a asuntos como: \u2714\ufe0f Fallecimiento de persona &hellip; <a href=\"https:\/\/cortesuprema.gov.co\/corte\/index.php\/2022\/02\/28\/publicaciones-algunos-estudios-contemporaneos-en-materia-de-responsabilidad-medica-de-la-sala-de-casacion-civil-de-la-corte-suprema-de-justicia-de-colombia-2\/\" class=\"more-link\">Continuar leyendo<span class=\"screen-reader-text\"> \u00ab[Publicaciones] Algunos estudios contempor\u00e1neos -en materia de responsabilidad m\u00e9dica- de la Sala de Casaci\u00f3n Civil de la Corte Suprema de Justicia de Colombia\u00bb<\/span><\/a><\/p>\n","protected":false},"author":38,"featured_media":0,"comment_status":"closed","ping_status":"closed","sticky":false,"template":"","format":"standard","meta":{"footnotes":""},"categories":[68],"tags":[2593,659,394],"class_list":["post-45734","post","type-post","status-publish","format-standard","hentry","category-novedades","tag-algunos-estudios-contemporaneos","tag-responsabilidad-medica","tag-sala-de-casacion-civil"],"_links":{"self":[{"href":"https:\/\/cortesuprema.gov.co\/corte\/index.php\/wp-json\/wp\/v2\/posts\/45734","targetHints":{"allow":["GET"]}}],"collection":[{"href":"https:\/\/cortesuprema.gov.co\/corte\/index.php\/wp-json\/wp\/v2\/posts"}],"about":[{"href":"https:\/\/cortesuprema.gov.co\/corte\/index.php\/wp-json\/wp\/v2\/types\/post"}],"author":[{"embeddable":true,"href":"https:\/\/cortesuprema.gov.co\/corte\/index.php\/wp-json\/wp\/v2\/users\/38"}],"replies":[{"embeddable":true,"href":"https:\/\/cortesuprema.gov.co\/corte\/index.php\/wp-json\/wp\/v2\/comments?post=45734"}],"version-history":[{"count":1,"href":"https:\/\/cortesuprema.gov.co\/corte\/index.php\/wp-json\/wp\/v2\/posts\/45734\/revisions"}],"predecessor-version":[{"id":45735,"href":"https:\/\/cortesuprema.gov.co\/corte\/index.php\/wp-json\/wp\/v2\/posts\/45734\/revisions\/45735"}],"wp:attachment":[{"href":"https:\/\/cortesuprema.gov.co\/corte\/index.php\/wp-json\/wp\/v2\/media?parent=45734"}],"wp:term":[{"taxonomy":"category","embeddable":true,"href":"https:\/\/cortesuprema.gov.co\/corte\/index.php\/wp-json\/wp\/v2\/categories?post=45734"},{"taxonomy":"post_tag","embeddable":true,"href":"https:\/\/cortesuprema.gov.co\/corte\/index.php\/wp-json\/wp\/v2\/tags?post=45734"}],"curies":[{"name":"wp","href":"https:\/\/api.w.org\/{rel}","templated":true}]}}