{"id":45736,"date":"2022-02-28T17:47:16","date_gmt":"2022-02-28T22:47:16","guid":{"rendered":"https:\/\/cortesuprema.gov.co\/corte\/?p=45736"},"modified":"2022-02-28T17:47:16","modified_gmt":"2022-02-28T22:47:16","slug":"relatoria-125-anos-adenda-gaceta-judicial-teoria-de-la-lesion-en-el-derecho-comparado","status":"publish","type":"post","link":"https:\/\/cortesuprema.gov.co\/corte\/index.php\/2022\/02\/28\/relatoria-125-anos-adenda-gaceta-judicial-teoria-de-la-lesion-en-el-derecho-comparado\/","title":{"rendered":"[Relator\u00eda 125 a\u00f1os] Adenda Gaceta Judicial: Teor\u00eda de la lesi\u00f3n en el derecho comparado"},"content":{"rendered":"<p align=\"center\">\u00a1Conmemoraci\u00f3n 125 a\u00f1os!<\/p>\n<p>A partir de ley 169 de 1.896 se encomend\u00f3 al Relator de la Corte Suprema de Justicia regentar la gesti\u00f3n del conocimiento jurisprudencial, con criterios precisos en la organizaci\u00f3n de la doctrina que la Alta Corporaci\u00f3n fija en sus providencias.<\/p>\n<p>Las adendas de la Gaceta Judicial se constituyen en un complemento indispensable, de gran valor y utilidad para la comunidad jur\u00eddica, al momento de comprender los criterios que determinan las decisiones, en torno al punto de derecho objeto de debate.<\/p>\n<p>Hoy, le invitamos a consultar las cinco adendas publicadas sobre la \u00abTeor\u00eda de la lesi\u00f3n en el derecho comparado\u00bb\u00a0<em>de<\/em><span style=\"font-family: Bookman Old Style,serif;\"> Bernardo Larrain Vial:\u00a0<\/span><\/p>\n<div>\n<div>\n<p><i><a title=\"Direcci\u00f3n URL original: https:\/\/www.cortesuprema.gov.co\/corte\/wp-content\/uploads\/relatorias\/ci\/teoriadelalesionadendagaceta.pdf. Haga clic o pulse si conf\u00eda en este v\u00ednculo.\" href=\"https:\/\/nam02.safelinks.protection.outlook.com\/?url=https%3A%2F%2Fwww.cortesuprema.gov.co%2Fcorte%2Fwp-content%2Fuploads%2Frelatorias%2Fci%2Fteoriadelalesionadendagaceta.pdf&amp;data=04%7C01%7Cfallongf%40cortesuprema.gov.co%7C02c2d7ff7810496d82a308d9f795ab4b%7C622cba9880f841f38df58eb99901598b%7C0%7C0%7C637813047690519829%7CUnknown%7CTWFpbGZsb3d8eyJWIjoiMC4wLjAwMDAiLCJQIjoiV2luMzIiLCJBTiI6Ik1haWwiLCJXVCI6Mn0%3D%7C3000&amp;sdata=hHVEHpwH5xxyqHCBuAMguBmrsOmEYdJ2Nfj6%2FuZ%2F7FA%3D&amp;reserved=0\" target=\"_blank\" rel=\"noopener noreferrer\" data-auth=\"Verified\" data-linkindex=\"1\">Disponible en\u00a0GJ tomo\u00a0 XLIX, n\u00fam. 1955 a 1965<\/a><\/i><\/p>\n<\/div>\n<\/div>\n","protected":false},"excerpt":{"rendered":"<p>\u00a1Conmemoraci\u00f3n 125 a\u00f1os! A partir de ley 169 de 1.896 se encomend\u00f3 al Relator de la Corte Suprema de Justicia regentar la gesti\u00f3n del conocimiento jurisprudencial, con criterios precisos en la organizaci\u00f3n de la doctrina que la Alta Corporaci\u00f3n fija en sus providencias. Las adendas de la Gaceta Judicial se constituyen en un complemento indispensable, &hellip; <a href=\"https:\/\/cortesuprema.gov.co\/corte\/index.php\/2022\/02\/28\/relatoria-125-anos-adenda-gaceta-judicial-teoria-de-la-lesion-en-el-derecho-comparado\/\" class=\"more-link\">Continuar leyendo<span class=\"screen-reader-text\"> \u00ab[Relator\u00eda 125 a\u00f1os] Adenda Gaceta Judicial: Teor\u00eda de la lesi\u00f3n en el derecho comparado\u00bb<\/span><\/a><\/p>\n","protected":false},"author":38,"featured_media":0,"comment_status":"closed","ping_status":"closed","sticky":false,"template":"","format":"standard","meta":{"footnotes":""},"categories":[68],"tags":[2599,2598,394],"class_list":["post-45736","post","type-post","status-publish","format-standard","hentry","category-novedades","tag-adendas-gaceta-judicial","tag-relatoria-125-anos","tag-sala-de-casacion-civil"],"_links":{"self":[{"href":"https:\/\/cortesuprema.gov.co\/corte\/index.php\/wp-json\/wp\/v2\/posts\/45736","targetHints":{"allow":["GET"]}}],"collection":[{"href":"https:\/\/cortesuprema.gov.co\/corte\/index.php\/wp-json\/wp\/v2\/posts"}],"about":[{"href":"https:\/\/cortesuprema.gov.co\/corte\/index.php\/wp-json\/wp\/v2\/types\/post"}],"author":[{"embeddable":true,"href":"https:\/\/cortesuprema.gov.co\/corte\/index.php\/wp-json\/wp\/v2\/users\/38"}],"replies":[{"embeddable":true,"href":"https:\/\/cortesuprema.gov.co\/corte\/index.php\/wp-json\/wp\/v2\/comments?post=45736"}],"version-history":[{"count":1,"href":"https:\/\/cortesuprema.gov.co\/corte\/index.php\/wp-json\/wp\/v2\/posts\/45736\/revisions"}],"predecessor-version":[{"id":45737,"href":"https:\/\/cortesuprema.gov.co\/corte\/index.php\/wp-json\/wp\/v2\/posts\/45736\/revisions\/45737"}],"wp:attachment":[{"href":"https:\/\/cortesuprema.gov.co\/corte\/index.php\/wp-json\/wp\/v2\/media?parent=45736"}],"wp:term":[{"taxonomy":"category","embeddable":true,"href":"https:\/\/cortesuprema.gov.co\/corte\/index.php\/wp-json\/wp\/v2\/categories?post=45736"},{"taxonomy":"post_tag","embeddable":true,"href":"https:\/\/cortesuprema.gov.co\/corte\/index.php\/wp-json\/wp\/v2\/tags?post=45736"}],"curies":[{"name":"wp","href":"https:\/\/api.w.org\/{rel}","templated":true}]}}