{"id":45788,"date":"2022-03-01T15:57:12","date_gmt":"2022-03-01T20:57:12","guid":{"rendered":"https:\/\/cortesuprema.gov.co\/corte\/?p=45788"},"modified":"2022-03-01T15:57:47","modified_gmt":"2022-03-01T20:57:47","slug":"violencia-intrafamiliar-se-configura-mediante-maltrato-psicologico-a-los-hijos","status":"publish","type":"post","link":"https:\/\/cortesuprema.gov.co\/corte\/index.php\/2022\/03\/01\/violencia-intrafamiliar-se-configura-mediante-maltrato-psicologico-a-los-hijos\/","title":{"rendered":"VIOLENCIA INTRAFAMILIAR &#8211; Se configura: mediante maltrato psicol\u00f3gico a los hijos"},"content":{"rendered":"<ul>\n<li style=\"text-align: justify;\">El menor, al ser expuesto forzosamente por su padre para que observe directamente los ultrajes contra su progenitora, genera la concreci\u00f3n de un maltrato psicol\u00f3gico.<\/li>\n<\/ul>\n<p>&nbsp;<\/p>\n<ul>\n<li style=\"text-align: justify;\">Al resolver las demandas de casaci\u00f3n presentadas por la Fiscal\u00eda \u2013primer cargo\u2013 y el defensor de CEDR, contra la sentencia dictada el 25 de abril de 2017 por la Sala Penal del Tribunal Superior de Cundinamarca, mediante la cual confirm\u00f3 la proferida por el Juzgado 1\u00b0 Promiscuo Municipal de Cajic\u00e1, que conden\u00f3 al antes mencionado como autor del delito de violencia intrafamiliar agravada, abord\u00f3 el tema de la violencia psicol\u00f3gica contra los menores de edad, que se produce en el marco del maltrato f\u00edsico y moral contra las madres, cuando estos son obligados a presenciarlo. [<strong><a href=\"https:\/\/cortesuprema.gov.co\/corte\/wp-content\/uploads\/relatorias\/pe\/b1feb2022\/SP5414-2021(51015).pdf\" target=\"_blank\" rel=\"noopener noreferrer\">SP5414-2021(51015)<\/a><\/strong>]<\/li>\n<\/ul>\n<p><!--more--><\/p>\n<hr \/>\n[spiderpowa-pdf src=\u00bbhttps:\/\/cortesuprema.gov.co\/corte\/wp-content\/uploads\/relatorias\/pe\/b1feb2022\/SP5414-2021(51015).pdf\u00bb]\n<hr \/>\n<p><strong>Descargue el documento aqu\u00ed: <a href=\"https:\/\/cortesuprema.gov.co\/corte\/wp-content\/uploads\/relatorias\/pe\/b1feb2022\/SP5414-2021(51015).pdf\" target=\"_blank\" rel=\"noopener noreferrer\">SP5414-2021(51015).pdf<\/a><\/strong><\/p>\n<p>&nbsp;<\/p>\n","protected":false},"excerpt":{"rendered":"<p>El menor, al ser expuesto forzosamente por su padre para que observe directamente los ultrajes contra su progenitora, genera la concreci\u00f3n de un maltrato psicol\u00f3gico. &nbsp; Al resolver las demandas de casaci\u00f3n presentadas por la Fiscal\u00eda \u2013primer cargo\u2013 y el defensor de CEDR, contra la sentencia dictada el 25 de abril de 2017 por la &hellip; <a href=\"https:\/\/cortesuprema.gov.co\/corte\/index.php\/2022\/03\/01\/violencia-intrafamiliar-se-configura-mediante-maltrato-psicologico-a-los-hijos\/\" class=\"more-link\">Continuar leyendo<span class=\"screen-reader-text\"> \u00abVIOLENCIA INTRAFAMILIAR &#8211; Se configura: mediante maltrato psicol\u00f3gico a los hijos\u00bb<\/span><\/a><\/p>\n","protected":false},"author":12,"featured_media":0,"comment_status":"closed","ping_status":"closed","sticky":false,"template":"","format":"standard","meta":{"footnotes":""},"categories":[68],"tags":[86,225,2674,71,2252,2675,312],"class_list":["post-45788","post","type-post","status-publish","format-standard","hentry","category-novedades","tag-corte-suprema-de-justicia","tag-dr-jose-francisco-acuna-vizcaya","tag-mediante-maltrato-psicologico-a-los-hijos","tag-sala-penal","tag-se-configura","tag-sp5414-202151015","tag-violencia-intrafamiliar"],"_links":{"self":[{"href":"https:\/\/cortesuprema.gov.co\/corte\/index.php\/wp-json\/wp\/v2\/posts\/45788","targetHints":{"allow":["GET"]}}],"collection":[{"href":"https:\/\/cortesuprema.gov.co\/corte\/index.php\/wp-json\/wp\/v2\/posts"}],"about":[{"href":"https:\/\/cortesuprema.gov.co\/corte\/index.php\/wp-json\/wp\/v2\/types\/post"}],"author":[{"embeddable":true,"href":"https:\/\/cortesuprema.gov.co\/corte\/index.php\/wp-json\/wp\/v2\/users\/12"}],"replies":[{"embeddable":true,"href":"https:\/\/cortesuprema.gov.co\/corte\/index.php\/wp-json\/wp\/v2\/comments?post=45788"}],"version-history":[{"count":2,"href":"https:\/\/cortesuprema.gov.co\/corte\/index.php\/wp-json\/wp\/v2\/posts\/45788\/revisions"}],"predecessor-version":[{"id":45791,"href":"https:\/\/cortesuprema.gov.co\/corte\/index.php\/wp-json\/wp\/v2\/posts\/45788\/revisions\/45791"}],"wp:attachment":[{"href":"https:\/\/cortesuprema.gov.co\/corte\/index.php\/wp-json\/wp\/v2\/media?parent=45788"}],"wp:term":[{"taxonomy":"category","embeddable":true,"href":"https:\/\/cortesuprema.gov.co\/corte\/index.php\/wp-json\/wp\/v2\/categories?post=45788"},{"taxonomy":"post_tag","embeddable":true,"href":"https:\/\/cortesuprema.gov.co\/corte\/index.php\/wp-json\/wp\/v2\/tags?post=45788"}],"curies":[{"name":"wp","href":"https:\/\/api.w.org\/{rel}","templated":true}]}}