{"id":47047,"date":"2022-04-01T09:43:33","date_gmt":"2022-04-01T14:43:33","guid":{"rendered":"https:\/\/cortesuprema.gov.co\/corte\/?p=47047"},"modified":"2022-04-01T09:43:33","modified_gmt":"2022-04-01T14:43:33","slug":"juez-poderes-y-medidas-correccionales-arresto-requisitos","status":"publish","type":"post","link":"https:\/\/cortesuprema.gov.co\/corte\/index.php\/2022\/04\/01\/juez-poderes-y-medidas-correccionales-arresto-requisitos\/","title":{"rendered":"JUEZ &#8211; Poderes y medidas correccionales: arresto, requisitos"},"content":{"rendered":"<ul>\n<li style=\"text-align: justify;\">La Sala de Casaci\u00f3n Penal resolvi\u00f3 el recurso de apelaci\u00f3n interpuesto contra la sentencia proferida por la Sala Especial de Primera Instancia, mediante la cual se conden\u00f3 al recurrente a 48 meses de prisi\u00f3n e inhabilitaci\u00f3n para el ejercicio de derechos y funciones p\u00fablicas por el mismo t\u00e9rmino, luego de hallarlo autor responsable del delito de privaci\u00f3n ilegal de la libertad. En esta oportunidad, la Sala confirm\u00f3 la decisi\u00f3n, al encontrar probado, m\u00e1s all\u00e1 de toda duda razonable, que el procesado, en su calidad de magistrado de Sala Disciplinaria, abusando de sus funciones, soslay\u00f3 el debido proceso y viol\u00f3 de manera flagrante los derechos fundamentales a la defensa y contradicci\u00f3n de un abogado al que sancion\u00f3 correctivamente con arresto. [<strong><a href=\"https:\/\/cortesuprema.gov.co\/corte\/wp-content\/uploads\/relatorias\/pe\/b1mar2022\/SP347-2022(60199).pdf\">SP347-2022(60199)<\/a><\/strong>]<\/li>\n<\/ul>\n<p><!--more--><\/p>\n<hr \/>\n[spiderpowa-pdf src=\u00bbhttps:\/\/cortesuprema.gov.co\/corte\/wp-content\/uploads\/relatorias\/pe\/b1mar2022\/SP347-2022(60199).pdf\u00bb]\n<hr \/>\n<p><strong>Descargue el documento aqu\u00ed: <a href=\"https:\/\/cortesuprema.gov.co\/corte\/wp-content\/uploads\/relatorias\/pe\/b1mar2022\/SP347-2022(60199).pdf\" target=\"_blank\" rel=\"noopener noreferrer\">SP347-2022(60199).pdf<\/a><\/strong><\/p>\n<p>&nbsp;<\/p>\n","protected":false},"excerpt":{"rendered":"<p>La Sala de Casaci\u00f3n Penal resolvi\u00f3 el recurso de apelaci\u00f3n interpuesto contra la sentencia proferida por la Sala Especial de Primera Instancia, mediante la cual se conden\u00f3 al recurrente a 48 meses de prisi\u00f3n e inhabilitaci\u00f3n para el ejercicio de derechos y funciones p\u00fablicas por el mismo t\u00e9rmino, luego de hallarlo autor responsable del delito &hellip; <a href=\"https:\/\/cortesuprema.gov.co\/corte\/index.php\/2022\/04\/01\/juez-poderes-y-medidas-correccionales-arresto-requisitos\/\" class=\"more-link\">Continuar leyendo<span class=\"screen-reader-text\"> \u00abJUEZ &#8211; Poderes y medidas correccionales: arresto, requisitos\u00bb<\/span><\/a><\/p>\n","protected":false},"author":12,"featured_media":0,"comment_status":"closed","ping_status":"closed","sticky":false,"template":"","format":"standard","meta":{"footnotes":""},"categories":[68],"tags":[2680,86,2470,1096,2679,546,71,2681],"class_list":["post-47047","post","type-post","status-publish","format-standard","hentry","category-novedades","tag-arresto","tag-corte-suprema-de-justicia","tag-dr-diego-eugenio-corredor-beltran","tag-juez","tag-poderes-y-medidas-correccionales","tag-requisitos","tag-sala-penal","tag-sp347-202260199"],"_links":{"self":[{"href":"https:\/\/cortesuprema.gov.co\/corte\/index.php\/wp-json\/wp\/v2\/posts\/47047","targetHints":{"allow":["GET"]}}],"collection":[{"href":"https:\/\/cortesuprema.gov.co\/corte\/index.php\/wp-json\/wp\/v2\/posts"}],"about":[{"href":"https:\/\/cortesuprema.gov.co\/corte\/index.php\/wp-json\/wp\/v2\/types\/post"}],"author":[{"embeddable":true,"href":"https:\/\/cortesuprema.gov.co\/corte\/index.php\/wp-json\/wp\/v2\/users\/12"}],"replies":[{"embeddable":true,"href":"https:\/\/cortesuprema.gov.co\/corte\/index.php\/wp-json\/wp\/v2\/comments?post=47047"}],"version-history":[{"count":1,"href":"https:\/\/cortesuprema.gov.co\/corte\/index.php\/wp-json\/wp\/v2\/posts\/47047\/revisions"}],"predecessor-version":[{"id":47050,"href":"https:\/\/cortesuprema.gov.co\/corte\/index.php\/wp-json\/wp\/v2\/posts\/47047\/revisions\/47050"}],"wp:attachment":[{"href":"https:\/\/cortesuprema.gov.co\/corte\/index.php\/wp-json\/wp\/v2\/media?parent=47047"}],"wp:term":[{"taxonomy":"category","embeddable":true,"href":"https:\/\/cortesuprema.gov.co\/corte\/index.php\/wp-json\/wp\/v2\/categories?post=47047"},{"taxonomy":"post_tag","embeddable":true,"href":"https:\/\/cortesuprema.gov.co\/corte\/index.php\/wp-json\/wp\/v2\/tags?post=47047"}],"curies":[{"name":"wp","href":"https:\/\/api.w.org\/{rel}","templated":true}]}}