{"id":47630,"date":"2022-04-29T09:34:56","date_gmt":"2022-04-29T14:34:56","guid":{"rendered":"https:\/\/cortesuprema.gov.co\/corte\/?p=47630"},"modified":"2022-04-29T09:43:12","modified_gmt":"2022-04-29T14:43:12","slug":"1-sistema-de-responsabilidad-penal-para-adolescentes-es-compatible-con-el-procedimiento-especial-abreviado-ley-1826-de-2017-para-conductas-de-menor-lesividad","status":"publish","type":"post","link":"https:\/\/cortesuprema.gov.co\/corte\/index.php\/2022\/04\/29\/1-sistema-de-responsabilidad-penal-para-adolescentes-es-compatible-con-el-procedimiento-especial-abreviado-ley-1826-de-2017-para-conductas-de-menor-lesividad\/","title":{"rendered":"SISTEMA DE RESPONSABILIDAD PENAL PARA ADOLESCENTES &#8211; Es compatible con el Procedimiento Especial Abreviado (Ley 1826 de 2017) para conductas de menor lesividad"},"content":{"rendered":"<ul>\n<li style=\"text-align: justify;\">La Sala de Casaci\u00f3n Penal resolvi\u00f3 el recurso extraordinario de casaci\u00f3n interpuesto por el Procurador 7 Judicial II Familia de Bogot\u00e1 D.C., contra la sentencia de segunda instancia, por medio de la cual el Tribunal Superior del Distrito Judicial de Bogot\u00e1, Sala de Asuntos Penales para Adolescentes, confirm\u00f3 el fallo condenatorio emitido por el Juzgado Primero Penal del Circuito para Adolescentes de la capital de la Rep\u00fablica, con fundamento en el allanamiento a cargos del menor HMCF, en actuaci\u00f3n procesal regida por el procedimiento especial abreviado consagrado por la Ley 1826 de 2017.<\/li>\n<\/ul>\n<p>&nbsp;<\/p>\n<ul>\n<li style=\"text-align: justify;\">En esta oportunidad, la Sala cas\u00f3 la providencia y anul\u00f3 lo actuado desde el momento de la audiencia de imposici\u00f3n de sanci\u00f3n, al considerar que se vulner\u00f3 el debido proceso y el derecho de defensa del adolescente, porque se dict\u00f3 sentencia sin su presencia al momento de la verificaci\u00f3n del allanamiento a cargos. <strong><a href=\"https:\/\/cortesuprema.gov.co\/corte\/wp-content\/uploads\/relatorias\/pe\/b1abr2022\/SP767-2022(60633)EDITADA.pdf\">[SP767-2022(60633)]<\/a><\/strong><\/li>\n<\/ul>\n<p><!--more--><\/p>\n<hr \/>\n[spiderpowa-pdf src=\u00bbhttps:\/\/cortesuprema.gov.co\/corte\/wp-content\/uploads\/relatorias\/pe\/b1abr2022\/SP767-2022(60633)EDITADA.pdf\u00bb]\n<hr \/>\n<p><strong>Descargue el documento aqu\u00ed: <a href=\"https:\/\/cortesuprema.gov.co\/corte\/wp-content\/uploads\/relatorias\/pe\/b1abr2022\/SP767-2022(60633)EDITADA.pdf\" target=\"_blank\" rel=\"noopener noreferrer\">SP767-2022(60633)EDITADA.pdf<\/a><\/strong><\/p>\n","protected":false},"excerpt":{"rendered":"<p>La Sala de Casaci\u00f3n Penal resolvi\u00f3 el recurso extraordinario de casaci\u00f3n interpuesto por el Procurador 7 Judicial II Familia de Bogot\u00e1 D.C., contra la sentencia de segunda instancia, por medio de la cual el Tribunal Superior del Distrito Judicial de Bogot\u00e1, Sala de Asuntos Penales para Adolescentes, confirm\u00f3 el fallo condenatorio emitido por el Juzgado &hellip; <a href=\"https:\/\/cortesuprema.gov.co\/corte\/index.php\/2022\/04\/29\/1-sistema-de-responsabilidad-penal-para-adolescentes-es-compatible-con-el-procedimiento-especial-abreviado-ley-1826-de-2017-para-conductas-de-menor-lesividad\/\" class=\"more-link\">Continuar leyendo<span class=\"screen-reader-text\"> \u00abSISTEMA DE RESPONSABILIDAD PENAL PARA ADOLESCENTES &#8211; Es compatible con el Procedimiento Especial Abreviado (Ley 1826 de 2017) para conductas de menor lesividad\u00bb<\/span><\/a><\/p>\n","protected":false},"author":12,"featured_media":0,"comment_status":"closed","ping_status":"closed","sticky":false,"template":"","format":"standard","meta":{"footnotes":""},"categories":[68],"tags":[86,2470,2702,71,623,2703],"class_list":["post-47630","post","type-post","status-publish","format-standard","hentry","category-novedades","tag-corte-suprema-de-justicia","tag-dr-diego-eugenio-corredor-beltran","tag-es-compatible-con-el-procedimiento-especial-abreviado-ley-1826-de-2017-para-conductas-de-menor-lesividad","tag-sala-penal","tag-sistema-de-responsabilidad-penal-para-adolescentes","tag-sp767-202260633"],"_links":{"self":[{"href":"https:\/\/cortesuprema.gov.co\/corte\/index.php\/wp-json\/wp\/v2\/posts\/47630","targetHints":{"allow":["GET"]}}],"collection":[{"href":"https:\/\/cortesuprema.gov.co\/corte\/index.php\/wp-json\/wp\/v2\/posts"}],"about":[{"href":"https:\/\/cortesuprema.gov.co\/corte\/index.php\/wp-json\/wp\/v2\/types\/post"}],"author":[{"embeddable":true,"href":"https:\/\/cortesuprema.gov.co\/corte\/index.php\/wp-json\/wp\/v2\/users\/12"}],"replies":[{"embeddable":true,"href":"https:\/\/cortesuprema.gov.co\/corte\/index.php\/wp-json\/wp\/v2\/comments?post=47630"}],"version-history":[{"count":3,"href":"https:\/\/cortesuprema.gov.co\/corte\/index.php\/wp-json\/wp\/v2\/posts\/47630\/revisions"}],"predecessor-version":[{"id":47637,"href":"https:\/\/cortesuprema.gov.co\/corte\/index.php\/wp-json\/wp\/v2\/posts\/47630\/revisions\/47637"}],"wp:attachment":[{"href":"https:\/\/cortesuprema.gov.co\/corte\/index.php\/wp-json\/wp\/v2\/media?parent=47630"}],"wp:term":[{"taxonomy":"category","embeddable":true,"href":"https:\/\/cortesuprema.gov.co\/corte\/index.php\/wp-json\/wp\/v2\/categories?post=47630"},{"taxonomy":"post_tag","embeddable":true,"href":"https:\/\/cortesuprema.gov.co\/corte\/index.php\/wp-json\/wp\/v2\/tags?post=47630"}],"curies":[{"name":"wp","href":"https:\/\/api.w.org\/{rel}","templated":true}]}}