{"id":49135,"date":"2022-06-16T17:14:17","date_gmt":"2022-06-16T22:14:17","guid":{"rendered":"https:\/\/cortesuprema.gov.co\/corte\/?p=49135"},"modified":"2022-06-16T17:14:17","modified_gmt":"2022-06-16T22:14:17","slug":"corte-impone-medida-de-aseguramiento-contra-senador-investigado-por-liderar-red-de-corrupcion-con-contratos","status":"publish","type":"post","link":"https:\/\/cortesuprema.gov.co\/corte\/index.php\/2022\/06\/16\/corte-impone-medida-de-aseguramiento-contra-senador-investigado-por-liderar-red-de-corrupcion-con-contratos\/","title":{"rendered":"Corte impone medida de aseguramiento contra senador investigado por liderar red de corrupci\u00f3n con contratos"},"content":{"rendered":"<p><b><span data-contrast=\"none\">Bogot\u00e1, D.C., jueves 16 de junio de 2022. <\/span><\/b><span data-contrast=\"auto\">Al resolverle situaci\u00f3n jur\u00eddica, la Corte Suprema de Justicia\u00a0impuso medida de aseguramiento de detenci\u00f3n preventiva intramural contra el senador Mario Alberto Casta\u00f1o P\u00e9rez,\u00a0por los delitos de concierto para delinquir agravado, inter\u00e9s indebido en celebraci\u00f3n de contratos, peculado por apropiaci\u00f3n, estafa agravada y concusi\u00f3n.<\/span><span data-ccp-props=\"{&quot;134233117&quot;:false,&quot;134233118&quot;:false,&quot;201341983&quot;:0,&quot;335551550&quot;:6,&quot;335551620&quot;:6,&quot;335559685&quot;:0,&quot;335559737&quot;:0,&quot;335559738&quot;:0,&quot;335559739&quot;:200,&quot;335559740&quot;:276}\">\u00a0<\/span><\/p>\n<p><span data-contrast=\"auto\">La Sala Especial de Instrucci\u00f3n tom\u00f3 esta decisi\u00f3n luego de que el senador fue capturado el pasado 7 de junio para rendir indagatoria, diligencia que se cumpli\u00f3 el 10 y 11 de junio.\u00a0<\/span><span data-ccp-props=\"{&quot;201341983&quot;:0,&quot;335551550&quot;:6,&quot;335551620&quot;:6,&quot;335559739&quot;:200,&quot;335559740&quot;:276}\">\u00a0<\/span><\/p>\n<p><span data-contrast=\"auto\">La Sala continuar\u00e1 la investigaci\u00f3n en contra del senador Casta\u00f1o P\u00e9rez, a quien se le atribuye haber liderado una organizaci\u00f3n criminal en la que presuntamente exig\u00eda el pago de un porcentaje de contratos p\u00fablicos que se les entregaban a contratistas se\u00f1alados por el grupo.\u00a0<\/span><span data-ccp-props=\"{&quot;201341983&quot;:0,&quot;335551550&quot;:6,&quot;335551620&quot;:6,&quot;335559739&quot;:200,&quot;335559740&quot;:276}\">\u00a0<\/span><\/p>\n<p><span data-contrast=\"auto\">Esta presunta organizaci\u00f3n criminal habr\u00eda sido\u00a0integrada por servidores p\u00fablicos y por particulares dedicados a manipular diferentes procesos de contrataci\u00f3n estatal que se impulsaron y tramitaron en varios municipios de los departamentos de Cauca, Risaralda, Caldas, Tolima e incluso algunos con iniciativa del Ministerio del Deporte.\u00a0<\/span><span data-ccp-props=\"{&quot;201341983&quot;:0,&quot;335551550&quot;:6,&quot;335551620&quot;:6,&quot;335559739&quot;:200,&quot;335559740&quot;:276}\">\u00a0<\/span><\/p>\n<p><span data-contrast=\"auto\">Tambi\u00e9n se le atribuye a Casta\u00f1o P\u00e9rez haber influido determinantemente en la designaci\u00f3n de empleados en el Congreso de la Rep\u00fablica quienes, a pesar de percibir salarios por dicha vinculaci\u00f3n (por prestaci\u00f3n de servicios) no realizaron ninguna actividad de las que se les encomendaron. El aforado, igualmente, le habr\u00eda exigido, a t\u00edtulo de contraprestaci\u00f3n, una remuneraci\u00f3n econ\u00f3mica a personas interesadas en ocupar ciertos cargos p\u00fablicos, a cambio de garantizarles su vinculaci\u00f3n al mismo.<\/span><span data-ccp-props=\"{&quot;201341983&quot;:0,&quot;335551550&quot;:6,&quot;335551620&quot;:6,&quot;335559739&quot;:200,&quot;335559740&quot;:276}\">\u00a0<\/span><\/p>\n<p><span data-contrast=\"auto\">La medida de detenci\u00f3n preventiva en contra del senador se impone con el objeto de asegurar la indemnidad de las pruebas. Tambi\u00e9n porque la libertad del sindicado constituye un riesgo para la comunidad.\u00a0<\/span><\/p>\n","protected":false},"excerpt":{"rendered":"<p>Bogot\u00e1, D.C., jueves 16 de junio de 2022. Al resolverle situaci\u00f3n jur\u00eddica, la Corte Suprema de Justicia\u00a0impuso medida de aseguramiento de detenci\u00f3n preventiva intramural contra el senador Mario Alberto Casta\u00f1o P\u00e9rez,\u00a0por los delitos de concierto para delinquir agravado, inter\u00e9s indebido en celebraci\u00f3n de contratos, peculado por apropiaci\u00f3n, estafa agravada y concusi\u00f3n.\u00a0 La Sala Especial de &hellip; <a href=\"https:\/\/cortesuprema.gov.co\/corte\/index.php\/2022\/06\/16\/corte-impone-medida-de-aseguramiento-contra-senador-investigado-por-liderar-red-de-corrupcion-con-contratos\/\" class=\"more-link\">Continuar leyendo<span class=\"screen-reader-text\"> \u00abCorte impone medida de aseguramiento contra senador investigado por liderar red de corrupci\u00f3n con contratos\u00bb<\/span><\/a><\/p>\n","protected":false},"author":43,"featured_media":45663,"comment_status":"closed","ping_status":"closed","sticky":false,"template":"","format":"standard","meta":{"footnotes":""},"categories":[27,1],"tags":[],"class_list":["post-49135","post","type-post","status-publish","format-standard","has-post-thumbnail","hentry","category-news","category-sin-categoria"],"_links":{"self":[{"href":"https:\/\/cortesuprema.gov.co\/corte\/index.php\/wp-json\/wp\/v2\/posts\/49135","targetHints":{"allow":["GET"]}}],"collection":[{"href":"https:\/\/cortesuprema.gov.co\/corte\/index.php\/wp-json\/wp\/v2\/posts"}],"about":[{"href":"https:\/\/cortesuprema.gov.co\/corte\/index.php\/wp-json\/wp\/v2\/types\/post"}],"author":[{"embeddable":true,"href":"https:\/\/cortesuprema.gov.co\/corte\/index.php\/wp-json\/wp\/v2\/users\/43"}],"replies":[{"embeddable":true,"href":"https:\/\/cortesuprema.gov.co\/corte\/index.php\/wp-json\/wp\/v2\/comments?post=49135"}],"version-history":[{"count":1,"href":"https:\/\/cortesuprema.gov.co\/corte\/index.php\/wp-json\/wp\/v2\/posts\/49135\/revisions"}],"predecessor-version":[{"id":49136,"href":"https:\/\/cortesuprema.gov.co\/corte\/index.php\/wp-json\/wp\/v2\/posts\/49135\/revisions\/49136"}],"wp:featuredmedia":[{"embeddable":true,"href":"https:\/\/cortesuprema.gov.co\/corte\/index.php\/wp-json\/wp\/v2\/media\/45663"}],"wp:attachment":[{"href":"https:\/\/cortesuprema.gov.co\/corte\/index.php\/wp-json\/wp\/v2\/media?parent=49135"}],"wp:term":[{"taxonomy":"category","embeddable":true,"href":"https:\/\/cortesuprema.gov.co\/corte\/index.php\/wp-json\/wp\/v2\/categories?post=49135"},{"taxonomy":"post_tag","embeddable":true,"href":"https:\/\/cortesuprema.gov.co\/corte\/index.php\/wp-json\/wp\/v2\/tags?post=49135"}],"curies":[{"name":"wp","href":"https:\/\/api.w.org\/{rel}","templated":true}]}}